{"id":1208623,"date":"2026-09-03T19:31:21","date_gmt":"2026-09-03T19:31:21","guid":{"rendered":"https:\/\/madeiraisland.news\/?p=1208623"},"modified":"2026-09-03T19:46:10","modified_gmt":"2026-09-03T19:46:10","slug":"iniciativa-liberal-vota-contra-mocao-de-censura-do-chega","status":"publish","type":"post","link":"https:\/\/madeiraisland.news\/?p=1208623","title":{"rendered":"Iniciativa Liberal vota contra mo\u00e7\u00e3o de censura do Chega"},"content":{"rendered":"<p>A Iniciativa Liberal vai votar contra a mo\u00e7\u00e3o de censura ao<br \/>\nGoverno apresentada pelo Chega, revelou hoje a presidente do partido, Mariana<br \/>\nLeit\u00e3o, em entrevista \u00e0 CNN Portugal.<br \/>\n\u00a0Mariana Leit\u00e3o acusa o<br \/>\nChega de pretender &#8220;transformar um caso grave mas circunscrito a um<br \/>\nministro num instrumento de caos para criar nova crise pol\u00edtica no pa\u00eds&#8221;.<br \/>\n&#8220;Esta decis\u00e3o n\u00e3o representa qualquer desvaloriza\u00e7\u00e3o da<br \/>\ngravidade do caso Lu\u00eds Neves. Pelo contr\u00e1rio, a Iniciativa Liberal considera<br \/>\nque as circunst\u00e2ncias que<\/p>\n","protected":false},"excerpt":{"rendered":"<p>A Iniciativa Liberal vai votar contra a mo\u00e7\u00e3o de censura ao Governo apresentada pelo Chega, revelou hoje a presidente do partido, Mariana Leit\u00e3o, em entrevista \u00e0 CNN Portugal. \u00a0Mariana Leit\u00e3o acusa o Chega de pretender<\/p>\n","protected":false},"author":5,"featured_media":0,"comment_status":"open","ping_status":"","sticky":false,"template":"","format":"standard","meta":{"footnotes":""},"categories":[19],"tags":[],"class_list":["post-1208623","post","type-post","status-publish","format-standard","hentry","category-madeira-island-news","infinite-scroll-item","masonry-post","generate-columns","tablet-grid-50","mobile-grid-100","grid-parent","grid-33"],"_links":{"self":[{"href":"https:\/\/madeiraisland.news\/index.php?rest_route=\/wp\/v2\/posts\/1208623","targetHints":{"allow":["GET"]}}],"collection":[{"href":"https:\/\/madeiraisland.news\/index.php?rest_route=\/wp\/v2\/posts"}],"about":[{"href":"https:\/\/madeiraisland.news\/index.php?rest_route=\/wp\/v2\/types\/post"}],"author":[{"embeddable":true,"href":"https:\/\/madeiraisland.news\/index.php?rest_route=\/wp\/v2\/users\/5"}],"replies":[{"embeddable":true,"href":"https:\/\/madeiraisland.news\/index.php?rest_route=%2Fwp%2Fv2%2Fcomments&post=1208623"}],"version-history":[{"count":2,"href":"https:\/\/madeiraisland.news\/index.php?rest_route=\/wp\/v2\/posts\/1208623\/revisions"}],"predecessor-version":[{"id":1208625,"href":"https:\/\/madeiraisland.news\/index.php?rest_route=\/wp\/v2\/posts\/1208623\/revisions\/1208625"}],"wp:attachment":[{"href":"https:\/\/madeiraisland.news\/index.php?rest_route=%2Fwp%2Fv2%2Fmedia&parent=1208623"}],"wp:term":[{"taxonomy":"category","embeddable":true,"href":"https:\/\/madeiraisland.news\/index.php?rest_route=%2Fwp%2Fv2%2Fcategories&post=1208623"},{"taxonomy":"post_tag","embeddable":true,"href":"https:\/\/madeiraisland.news\/index.php?rest_route=%2Fwp%2Fv2%2Ftags&post=1208623"}],"curies":[{"name":"wp","href":"https:\/\/api.w.org\/{rel}","templated":true}]}}