{"id":1208618,"date":"2026-09-03T18:41:12","date_gmt":"2026-09-03T18:41:12","guid":{"rendered":"https:\/\/madeiraisland.news\/?p=1208618"},"modified":"2026-09-03T18:50:04","modified_gmt":"2026-09-03T18:50:04","slug":"escola-secundaria-jaime-moniz-deposita-184-mapas-e-quadros-parietais-historicos-no-arquivo-regional-da-madeira","status":"publish","type":"post","link":"https:\/\/madeiraisland.news\/?p=1208618","title":{"rendered":"Escola Secund\u00e1ria Jaime Moniz deposita 184 mapas e quadros parietais hist\u00f3ricos no Arquivo Regional da Madeira"},"content":{"rendered":"<p>A Escola Secund\u00e1ria Jaime Moniz e a Dire\u00e7\u00e3o Regional dos Arquivos, das Bibliotecas e do Livro celebraram, no passado dia 16 de julho de 2026, um contrato de dep\u00f3sito de 184 mapas e quadros parietais pertencentes ao N\u00facleo Museol\u00f3gico \u201cO Lyceu\u201d da Escola Secund\u00e1ria Jaime Moniz. A cole\u00e7\u00e3o, datada do final do s\u00e9culo XIX \u00e0 [\u2026]<\/p>\n","protected":false},"excerpt":{"rendered":"<p>A Escola Secund\u00e1ria Jaime Moniz e a Dire\u00e7\u00e3o Regional dos Arquivos, das Bibliotecas e do Livro celebraram, no passado dia &#8230; <\/p>\n<p class=\"read-more-container\"><a title=\"Escola Secund\u00e1ria Jaime Moniz deposita 184 mapas e quadros parietais hist\u00f3ricos no Arquivo Regional da Madeira\" class=\"read-more button\" href=\"https:\/\/madeiraisland.news\/?p=1208618#more-1208618\" aria-label=\"Read more about Escola Secund\u00e1ria Jaime Moniz deposita 184 mapas e quadros parietais hist\u00f3ricos no Arquivo Regional da Madeira\">Read more<\/a><\/p>\n","protected":false},"author":282,"featured_media":0,"comment_status":"open","ping_status":"","sticky":false,"template":"","format":"standard","meta":{"footnotes":""},"categories":[19],"tags":[],"class_list":["post-1208618","post","type-post","status-publish","format-standard","hentry","category-madeira-island-news","infinite-scroll-item","masonry-post","generate-columns","tablet-grid-50","mobile-grid-100","grid-parent","grid-33"],"_links":{"self":[{"href":"https:\/\/madeiraisland.news\/index.php?rest_route=\/wp\/v2\/posts\/1208618","targetHints":{"allow":["GET"]}}],"collection":[{"href":"https:\/\/madeiraisland.news\/index.php?rest_route=\/wp\/v2\/posts"}],"about":[{"href":"https:\/\/madeiraisland.news\/index.php?rest_route=\/wp\/v2\/types\/post"}],"author":[{"embeddable":true,"href":"https:\/\/madeiraisland.news\/index.php?rest_route=\/wp\/v2\/users\/282"}],"replies":[{"embeddable":true,"href":"https:\/\/madeiraisland.news\/index.php?rest_route=%2Fwp%2Fv2%2Fcomments&post=1208618"}],"version-history":[{"count":1,"href":"https:\/\/madeiraisland.news\/index.php?rest_route=\/wp\/v2\/posts\/1208618\/revisions"}],"predecessor-version":[{"id":1208619,"href":"https:\/\/madeiraisland.news\/index.php?rest_route=\/wp\/v2\/posts\/1208618\/revisions\/1208619"}],"wp:attachment":[{"href":"https:\/\/madeiraisland.news\/index.php?rest_route=%2Fwp%2Fv2%2Fmedia&parent=1208618"}],"wp:term":[{"taxonomy":"category","embeddable":true,"href":"https:\/\/madeiraisland.news\/index.php?rest_route=%2Fwp%2Fv2%2Fcategories&post=1208618"},{"taxonomy":"post_tag","embeddable":true,"href":"https:\/\/madeiraisland.news\/index.php?rest_route=%2Fwp%2Fv2%2Ftags&post=1208618"}],"curies":[{"name":"wp","href":"https:\/\/api.w.org\/{rel}","templated":true}]}}