{"id":1208616,"date":"2026-09-03T17:41:29","date_gmt":"2026-09-03T17:41:29","guid":{"rendered":"https:\/\/madeiraisland.news\/?p=1208616"},"modified":"2026-09-03T17:47:38","modified_gmt":"2026-09-03T17:47:38","slug":"chega-quer-deportacao-de-imigrantes-ilegais-e-criminosos","status":"publish","type":"post","link":"https:\/\/madeiraisland.news\/?p=1208616","title":{"rendered":"CHEGA quer deporta\u00e7\u00e3o de imigrantes ilegais e criminosos"},"content":{"rendered":"<p>O deputado do CHEGA na Assembleia da Rep\u00fablica, Francisco Gomes, defendeu ontem que Portugal deve assumir uma pol\u00edtica de deporta\u00e7\u00e3o de cidad\u00e3os estrangeiros que permane\u00e7am ilegalmente no territ\u00f3rio nacional ou sejam condenados pela pr\u00e1tica de crimes graves, considerando que o Estado tem o dever de controlar quem permanece no pa\u00eds e de colocar a seguran\u00e7a [\u2026]<\/p>\n","protected":false},"excerpt":{"rendered":"<p>O deputado do CHEGA na Assembleia da Rep\u00fablica, Francisco Gomes, defendeu ontem que Portugal deve assumir uma pol\u00edtica de deporta\u00e7\u00e3o &#8230; <\/p>\n<p class=\"read-more-container\"><a title=\"CHEGA quer deporta\u00e7\u00e3o de imigrantes ilegais e criminosos\" class=\"read-more button\" href=\"https:\/\/madeiraisland.news\/?p=1208616#more-1208616\" aria-label=\"Read more about CHEGA quer deporta\u00e7\u00e3o de imigrantes ilegais e criminosos\">Read more<\/a><\/p>\n","protected":false},"author":258,"featured_media":0,"comment_status":"open","ping_status":"","sticky":false,"template":"","format":"standard","meta":{"footnotes":""},"categories":[19],"tags":[],"class_list":["post-1208616","post","type-post","status-publish","format-standard","hentry","category-madeira-island-news","infinite-scroll-item","masonry-post","generate-columns","tablet-grid-50","mobile-grid-100","grid-parent","grid-33"],"_links":{"self":[{"href":"https:\/\/madeiraisland.news\/index.php?rest_route=\/wp\/v2\/posts\/1208616","targetHints":{"allow":["GET"]}}],"collection":[{"href":"https:\/\/madeiraisland.news\/index.php?rest_route=\/wp\/v2\/posts"}],"about":[{"href":"https:\/\/madeiraisland.news\/index.php?rest_route=\/wp\/v2\/types\/post"}],"author":[{"embeddable":true,"href":"https:\/\/madeiraisland.news\/index.php?rest_route=\/wp\/v2\/users\/258"}],"replies":[{"embeddable":true,"href":"https:\/\/madeiraisland.news\/index.php?rest_route=%2Fwp%2Fv2%2Fcomments&post=1208616"}],"version-history":[{"count":1,"href":"https:\/\/madeiraisland.news\/index.php?rest_route=\/wp\/v2\/posts\/1208616\/revisions"}],"predecessor-version":[{"id":1208617,"href":"https:\/\/madeiraisland.news\/index.php?rest_route=\/wp\/v2\/posts\/1208616\/revisions\/1208617"}],"wp:attachment":[{"href":"https:\/\/madeiraisland.news\/index.php?rest_route=%2Fwp%2Fv2%2Fmedia&parent=1208616"}],"wp:term":[{"taxonomy":"category","embeddable":true,"href":"https:\/\/madeiraisland.news\/index.php?rest_route=%2Fwp%2Fv2%2Fcategories&post=1208616"},{"taxonomy":"post_tag","embeddable":true,"href":"https:\/\/madeiraisland.news\/index.php?rest_route=%2Fwp%2Fv2%2Ftags&post=1208616"}],"curies":[{"name":"wp","href":"https:\/\/api.w.org\/{rel}","templated":true}]}}