{"id":1208613,"date":"2026-09-03T17:25:02","date_gmt":"2026-09-03T17:25:02","guid":{"rendered":"https:\/\/madeiraisland.news\/?p=1208613"},"modified":"2026-09-03T17:29:54","modified_gmt":"2026-09-03T17:29:54","slug":"inquerito-a-alegada-intrusao-no-gabinete-de-ventura-com-caracter-urgente","status":"publish","type":"post","link":"https:\/\/madeiraisland.news\/?p=1208613","title":{"rendered":"Inqu\u00e9rito \u00e0 alegada intrus\u00e3o no gabinete de Ventura com car\u00e1cter urgente"},"content":{"rendered":"<p>O inqu\u00e9rito do Minist\u00e9rio P\u00fablico (MP) \u00e0 alegada invas\u00e3o e roubo no gabinete do l\u00edder do Chega, Andr\u00e9 Ventura, no parlamento, tem car\u00e1ter urgente, revelou hoje o procurador-geral da Rep\u00fablica (PGR), Amadeu Guerra.<br \/>\nQuestionado pela ag\u00eancia Lusa ap\u00f3s a cerim\u00f3nia de tomada de posse da presidente e dos desembargadores do Tribunal da Rela\u00e7\u00e3o de \u00c9vora (TRE), o PGR limitou-se a adiantar que este inqu\u00e9rito &#8220;est\u00e1 com urg\u00eancia, processado com urg\u00eancia&#8221;.<br \/>\nEm 30 de julho, o MP confirmou \u00e0 Lusa a instaura\u00e7\u00e3o <\/p>\n","protected":false},"excerpt":{"rendered":"<p>O inqu\u00e9rito do Minist\u00e9rio P\u00fablico (MP) \u00e0 alegada invas\u00e3o e roubo no gabinete do l\u00edder do Chega, Andr\u00e9 Ventura, no parlamento, tem car\u00e1ter urgente, revelou hoje o procurador-geral da Rep\u00fablica (PGR), Amadeu Guerra. Questionado pela<\/p>\n","protected":false},"author":5,"featured_media":0,"comment_status":"open","ping_status":"","sticky":false,"template":"","format":"standard","meta":{"footnotes":""},"categories":[19],"tags":[],"class_list":["post-1208613","post","type-post","status-publish","format-standard","hentry","category-madeira-island-news","infinite-scroll-item","masonry-post","generate-columns","tablet-grid-50","mobile-grid-100","grid-parent","grid-33"],"_links":{"self":[{"href":"https:\/\/madeiraisland.news\/index.php?rest_route=\/wp\/v2\/posts\/1208613","targetHints":{"allow":["GET"]}}],"collection":[{"href":"https:\/\/madeiraisland.news\/index.php?rest_route=\/wp\/v2\/posts"}],"about":[{"href":"https:\/\/madeiraisland.news\/index.php?rest_route=\/wp\/v2\/types\/post"}],"author":[{"embeddable":true,"href":"https:\/\/madeiraisland.news\/index.php?rest_route=\/wp\/v2\/users\/5"}],"replies":[{"embeddable":true,"href":"https:\/\/madeiraisland.news\/index.php?rest_route=%2Fwp%2Fv2%2Fcomments&post=1208613"}],"version-history":[{"count":2,"href":"https:\/\/madeiraisland.news\/index.php?rest_route=\/wp\/v2\/posts\/1208613\/revisions"}],"predecessor-version":[{"id":1208615,"href":"https:\/\/madeiraisland.news\/index.php?rest_route=\/wp\/v2\/posts\/1208613\/revisions\/1208615"}],"wp:attachment":[{"href":"https:\/\/madeiraisland.news\/index.php?rest_route=%2Fwp%2Fv2%2Fmedia&parent=1208613"}],"wp:term":[{"taxonomy":"category","embeddable":true,"href":"https:\/\/madeiraisland.news\/index.php?rest_route=%2Fwp%2Fv2%2Fcategories&post=1208613"},{"taxonomy":"post_tag","embeddable":true,"href":"https:\/\/madeiraisland.news\/index.php?rest_route=%2Fwp%2Fv2%2Ftags&post=1208613"}],"curies":[{"name":"wp","href":"https:\/\/api.w.org\/{rel}","templated":true}]}}