{"id":1208611,"date":"2026-09-03T17:22:15","date_gmt":"2026-09-03T17:22:15","guid":{"rendered":"https:\/\/madeiraisland.news\/?p=1208611"},"modified":"2026-09-03T17:29:53","modified_gmt":"2026-09-03T17:29:53","slug":"chega-deu-entrada-a-voto-de-louvor-aos-fachos-de-machico-e-a-associacao-fachos","status":"publish","type":"post","link":"https:\/\/madeiraisland.news\/?p=1208611","title":{"rendered":"CHEGA deu entrada a voto de louvor aos fachos de Machico e \u00e0 Associa\u00e7\u00e3o Fachos"},"content":{"rendered":"<p>O grupo parlamentar do CHEGA na Assembleia Legislativa da Madeira deu entrada a um Voto de Louvor dedicado \u00e0 secular tradi\u00e7\u00e3o dos Fachos de Machico e \u00e0 Associa\u00e7\u00e3o Fachos, entidade respons\u00e1vel pela organiza\u00e7\u00e3o e salvaguarda desta manifesta\u00e7\u00e3o hist\u00f3rica. A iniciativa parlamentar visa consagrar institucionalmente o valor de um patrim\u00f3nio \u00edmpar da Regi\u00e3o e surge na [\u2026]<\/p>\n","protected":false},"excerpt":{"rendered":"<p>O grupo parlamentar do CHEGA na Assembleia Legislativa da Madeira deu entrada a um Voto de Louvor dedicado \u00e0 secular &#8230; <\/p>\n<p class=\"read-more-container\"><a title=\"CHEGA deu entrada a voto de louvor aos fachos de Machico e \u00e0 Associa\u00e7\u00e3o Fachos\" class=\"read-more button\" href=\"https:\/\/madeiraisland.news\/?p=1208611#more-1208611\" aria-label=\"Read more about CHEGA deu entrada a voto de louvor aos fachos de Machico e \u00e0 Associa\u00e7\u00e3o Fachos\">Read more<\/a><\/p>\n","protected":false},"author":258,"featured_media":0,"comment_status":"open","ping_status":"","sticky":false,"template":"","format":"standard","meta":{"footnotes":""},"categories":[19],"tags":[],"class_list":["post-1208611","post","type-post","status-publish","format-standard","hentry","category-madeira-island-news","infinite-scroll-item","masonry-post","generate-columns","tablet-grid-50","mobile-grid-100","grid-parent","grid-33"],"_links":{"self":[{"href":"https:\/\/madeiraisland.news\/index.php?rest_route=\/wp\/v2\/posts\/1208611","targetHints":{"allow":["GET"]}}],"collection":[{"href":"https:\/\/madeiraisland.news\/index.php?rest_route=\/wp\/v2\/posts"}],"about":[{"href":"https:\/\/madeiraisland.news\/index.php?rest_route=\/wp\/v2\/types\/post"}],"author":[{"embeddable":true,"href":"https:\/\/madeiraisland.news\/index.php?rest_route=\/wp\/v2\/users\/258"}],"replies":[{"embeddable":true,"href":"https:\/\/madeiraisland.news\/index.php?rest_route=%2Fwp%2Fv2%2Fcomments&post=1208611"}],"version-history":[{"count":1,"href":"https:\/\/madeiraisland.news\/index.php?rest_route=\/wp\/v2\/posts\/1208611\/revisions"}],"predecessor-version":[{"id":1208612,"href":"https:\/\/madeiraisland.news\/index.php?rest_route=\/wp\/v2\/posts\/1208611\/revisions\/1208612"}],"wp:attachment":[{"href":"https:\/\/madeiraisland.news\/index.php?rest_route=%2Fwp%2Fv2%2Fmedia&parent=1208611"}],"wp:term":[{"taxonomy":"category","embeddable":true,"href":"https:\/\/madeiraisland.news\/index.php?rest_route=%2Fwp%2Fv2%2Fcategories&post=1208611"},{"taxonomy":"post_tag","embeddable":true,"href":"https:\/\/madeiraisland.news\/index.php?rest_route=%2Fwp%2Fv2%2Ftags&post=1208611"}],"curies":[{"name":"wp","href":"https:\/\/api.w.org\/{rel}","templated":true}]}}