{"id":1208608,"date":"2026-09-03T16:48:53","date_gmt":"2026-09-03T16:48:53","guid":{"rendered":"https:\/\/madeiraisland.news\/?p=1208608"},"modified":"2026-09-03T17:01:48","modified_gmt":"2026-09-03T17:01:48","slug":"ventura-considera-que-pr-e-dos-mais-interessados-em-resolver-situacao-de-luis-neves","status":"publish","type":"post","link":"https:\/\/madeiraisland.news\/?p=1208608","title":{"rendered":"Ventura considera que PR \u00e9 dos mais interessados em resolver situa\u00e7\u00e3o de Lu\u00eds Neves"},"content":{"rendered":"<p>O l\u00edder do Chega considerou hoje que o Presidente da Rep\u00fablica \u00e9 uma das pessoas mais interessadas em que a situa\u00e7\u00e3o do Minist\u00e9rio da Administra\u00e7\u00e3o Interna se resolva e apelou \u00e0 sua interven\u00e7\u00e3o p\u00fablica.<br \/>\nEm declara\u00e7\u00f5es aos jornalistas na Assembleia da Rep\u00fablica, Andr\u00e9 Ventura defendeu que &#8220;a melhor forma de n\u00e3o se dar recados\u00a0por ningu\u00e9m \u00e9 intervir diretamente, \u00e9 dizer o que se pensa\u00a0sem nenhum freio,\u00a0sem nenhuma limita\u00e7\u00e3o, obviamente, com a pondera\u00e7\u00e3o\u00a0do cargo que tem\u00a0para que foi eleito&#8221;.\u00a0<br \/>\n&#8220;Cer<\/p>\n","protected":false},"excerpt":{"rendered":"<p>O l\u00edder do Chega considerou hoje que o Presidente da Rep\u00fablica \u00e9 uma das pessoas mais interessadas em que a situa\u00e7\u00e3o do Minist\u00e9rio da Administra\u00e7\u00e3o Interna se resolva e apelou \u00e0 sua interven\u00e7\u00e3o p\u00fablica. Em<\/p>\n","protected":false},"author":5,"featured_media":0,"comment_status":"open","ping_status":"","sticky":false,"template":"","format":"standard","meta":{"footnotes":""},"categories":[19],"tags":[],"class_list":["post-1208608","post","type-post","status-publish","format-standard","hentry","category-madeira-island-news","infinite-scroll-item","masonry-post","generate-columns","tablet-grid-50","mobile-grid-100","grid-parent","grid-33"],"_links":{"self":[{"href":"https:\/\/madeiraisland.news\/index.php?rest_route=\/wp\/v2\/posts\/1208608","targetHints":{"allow":["GET"]}}],"collection":[{"href":"https:\/\/madeiraisland.news\/index.php?rest_route=\/wp\/v2\/posts"}],"about":[{"href":"https:\/\/madeiraisland.news\/index.php?rest_route=\/wp\/v2\/types\/post"}],"author":[{"embeddable":true,"href":"https:\/\/madeiraisland.news\/index.php?rest_route=\/wp\/v2\/users\/5"}],"replies":[{"embeddable":true,"href":"https:\/\/madeiraisland.news\/index.php?rest_route=%2Fwp%2Fv2%2Fcomments&post=1208608"}],"version-history":[{"count":2,"href":"https:\/\/madeiraisland.news\/index.php?rest_route=\/wp\/v2\/posts\/1208608\/revisions"}],"predecessor-version":[{"id":1208610,"href":"https:\/\/madeiraisland.news\/index.php?rest_route=\/wp\/v2\/posts\/1208608\/revisions\/1208610"}],"wp:attachment":[{"href":"https:\/\/madeiraisland.news\/index.php?rest_route=%2Fwp%2Fv2%2Fmedia&parent=1208608"}],"wp:term":[{"taxonomy":"category","embeddable":true,"href":"https:\/\/madeiraisland.news\/index.php?rest_route=%2Fwp%2Fv2%2Fcategories&post=1208608"},{"taxonomy":"post_tag","embeddable":true,"href":"https:\/\/madeiraisland.news\/index.php?rest_route=%2Fwp%2Fv2%2Ftags&post=1208608"}],"curies":[{"name":"wp","href":"https:\/\/api.w.org\/{rel}","templated":true}]}}