{"id":1208606,"date":"2026-09-03T16:46:44","date_gmt":"2026-09-03T16:46:44","guid":{"rendered":"https:\/\/madeiraisland.news\/?p=1208606"},"modified":"2026-09-03T17:01:47","modified_gmt":"2026-09-03T17:01:47","slug":"clube-de-golfe-do-santo-da-serra-nomeado-nos-world-golf-awards-2026","status":"publish","type":"post","link":"https:\/\/madeiraisland.news\/?p=1208606","title":{"rendered":"Clube de Golfe do Santo da Serra nomeado nos World Golf Awards 2026"},"content":{"rendered":"<p>O Clube de Golf do Santo da Serra voltou a ser nomeado nos World Golf Awards 2026, em quatro categorias. Segundo os respons\u00e1veis do clube, esta nomea\u00e7\u00e3o \u201ccontribui tamb\u00e9m para promover Santo da Serra, Madeira e Portugal junto de uma audi\u00eancia internacional de jogadores, operadores tur\u00edsticos, agentes de viagens, meios especializados, parceiros e investidores ligados [\u2026]<\/p>\n","protected":false},"excerpt":{"rendered":"<p>O Clube de Golf do Santo da Serra voltou a ser nomeado nos World Golf Awards 2026, em quatro categorias. &#8230; <\/p>\n<p class=\"read-more-container\"><a title=\"Clube de Golfe do Santo da Serra nomeado nos World Golf Awards 2026\" class=\"read-more button\" href=\"https:\/\/madeiraisland.news\/?p=1208606#more-1208606\" aria-label=\"Read more about Clube de Golfe do Santo da Serra nomeado nos World Golf Awards 2026\">Read more<\/a><\/p>\n","protected":false},"author":258,"featured_media":0,"comment_status":"open","ping_status":"","sticky":false,"template":"","format":"standard","meta":{"footnotes":""},"categories":[19],"tags":[],"class_list":["post-1208606","post","type-post","status-publish","format-standard","hentry","category-madeira-island-news","infinite-scroll-item","masonry-post","generate-columns","tablet-grid-50","mobile-grid-100","grid-parent","grid-33"],"_links":{"self":[{"href":"https:\/\/madeiraisland.news\/index.php?rest_route=\/wp\/v2\/posts\/1208606","targetHints":{"allow":["GET"]}}],"collection":[{"href":"https:\/\/madeiraisland.news\/index.php?rest_route=\/wp\/v2\/posts"}],"about":[{"href":"https:\/\/madeiraisland.news\/index.php?rest_route=\/wp\/v2\/types\/post"}],"author":[{"embeddable":true,"href":"https:\/\/madeiraisland.news\/index.php?rest_route=\/wp\/v2\/users\/258"}],"replies":[{"embeddable":true,"href":"https:\/\/madeiraisland.news\/index.php?rest_route=%2Fwp%2Fv2%2Fcomments&post=1208606"}],"version-history":[{"count":1,"href":"https:\/\/madeiraisland.news\/index.php?rest_route=\/wp\/v2\/posts\/1208606\/revisions"}],"predecessor-version":[{"id":1208607,"href":"https:\/\/madeiraisland.news\/index.php?rest_route=\/wp\/v2\/posts\/1208606\/revisions\/1208607"}],"wp:attachment":[{"href":"https:\/\/madeiraisland.news\/index.php?rest_route=%2Fwp%2Fv2%2Fmedia&parent=1208606"}],"wp:term":[{"taxonomy":"category","embeddable":true,"href":"https:\/\/madeiraisland.news\/index.php?rest_route=%2Fwp%2Fv2%2Fcategories&post=1208606"},{"taxonomy":"post_tag","embeddable":true,"href":"https:\/\/madeiraisland.news\/index.php?rest_route=%2Fwp%2Fv2%2Ftags&post=1208606"}],"curies":[{"name":"wp","href":"https:\/\/api.w.org\/{rel}","templated":true}]}}