{"id":1208604,"date":"2026-09-03T16:49:30","date_gmt":"2026-09-03T16:49:30","guid":{"rendered":"https:\/\/madeiraisland.news\/?p=1208604"},"modified":"2026-09-03T17:01:47","modified_gmt":"2026-09-03T17:01:47","slug":"gasoleo-baixa-ate-48-centimos-na-madeira-a-partir-de-segunda-feira","status":"publish","type":"post","link":"https:\/\/madeiraisland.news\/?p=1208604","title":{"rendered":"Gas\u00f3leo baixa at\u00e9 4,8 c\u00eantimos na Madeira a partir de segunda-feira"},"content":{"rendered":"<p>O pre\u00e7o m\u00e1ximo do gas\u00f3leo rodovi\u00e1rio na Madeira vai baixar 4,8 c\u00eantimos por litro a partir de segunda-feira, enquanto o gas\u00f3leo colorido e marcado desce 4,5 c\u00eantimos, segundo o despacho conjunto das secretarias regionais de Economia e das Finan\u00e7as. Entre 7 e 13 de Setembro, o gas\u00f3leo rodovi\u00e1rio passa de 1,999 para 1,951 euros por [\u2026]<\/p>\n","protected":false},"excerpt":{"rendered":"<p>O pre\u00e7o m\u00e1ximo do gas\u00f3leo rodovi\u00e1rio na Madeira vai baixar 4,8 c\u00eantimos por litro a partir de segunda-feira, enquanto o &#8230; <\/p>\n<p class=\"read-more-container\"><a title=\"Gas\u00f3leo baixa at\u00e9 4,8 c\u00eantimos na Madeira a partir de segunda-feira\" class=\"read-more button\" href=\"https:\/\/madeiraisland.news\/?p=1208604#more-1208604\" aria-label=\"Read more about Gas\u00f3leo baixa at\u00e9 4,8 c\u00eantimos na Madeira a partir de segunda-feira\">Read more<\/a><\/p>\n","protected":false},"author":258,"featured_media":0,"comment_status":"open","ping_status":"","sticky":false,"template":"","format":"standard","meta":{"footnotes":""},"categories":[19],"tags":[],"class_list":["post-1208604","post","type-post","status-publish","format-standard","hentry","category-madeira-island-news","infinite-scroll-item","masonry-post","generate-columns","tablet-grid-50","mobile-grid-100","grid-parent","grid-33"],"_links":{"self":[{"href":"https:\/\/madeiraisland.news\/index.php?rest_route=\/wp\/v2\/posts\/1208604","targetHints":{"allow":["GET"]}}],"collection":[{"href":"https:\/\/madeiraisland.news\/index.php?rest_route=\/wp\/v2\/posts"}],"about":[{"href":"https:\/\/madeiraisland.news\/index.php?rest_route=\/wp\/v2\/types\/post"}],"author":[{"embeddable":true,"href":"https:\/\/madeiraisland.news\/index.php?rest_route=\/wp\/v2\/users\/258"}],"replies":[{"embeddable":true,"href":"https:\/\/madeiraisland.news\/index.php?rest_route=%2Fwp%2Fv2%2Fcomments&post=1208604"}],"version-history":[{"count":1,"href":"https:\/\/madeiraisland.news\/index.php?rest_route=\/wp\/v2\/posts\/1208604\/revisions"}],"predecessor-version":[{"id":1208605,"href":"https:\/\/madeiraisland.news\/index.php?rest_route=\/wp\/v2\/posts\/1208604\/revisions\/1208605"}],"wp:attachment":[{"href":"https:\/\/madeiraisland.news\/index.php?rest_route=%2Fwp%2Fv2%2Fmedia&parent=1208604"}],"wp:term":[{"taxonomy":"category","embeddable":true,"href":"https:\/\/madeiraisland.news\/index.php?rest_route=%2Fwp%2Fv2%2Fcategories&post=1208604"},{"taxonomy":"post_tag","embeddable":true,"href":"https:\/\/madeiraisland.news\/index.php?rest_route=%2Fwp%2Fv2%2Ftags&post=1208604"}],"curies":[{"name":"wp","href":"https:\/\/api.w.org\/{rel}","templated":true}]}}