{"id":1208602,"date":"2026-09-03T16:41:46","date_gmt":"2026-09-03T16:41:46","guid":{"rendered":"https:\/\/madeiraisland.news\/?p=1208602"},"modified":"2026-09-03T16:45:15","modified_gmt":"2026-09-03T16:45:15","slug":"gr-destina-mais-de-6-milhoes-e-meio-a-estabilizacao-do-talude-e-proteccao-da-ve2","status":"publish","type":"post","link":"https:\/\/madeiraisland.news\/?p=1208602","title":{"rendered":"GR destina mais de 6 milh\u00f5es e meio a estabiliza\u00e7\u00e3o do talude e protec\u00e7\u00e3o da VE2"},"content":{"rendered":"<p>O Conselho de Governo deliberou autorizar a realiza\u00e7\u00e3o da despesa inerente \u00e0 empreitada designada por \u00abEstabiliza\u00e7\u00e3o do Talude e Prote\u00e7\u00e3o da VE 2 entre os t\u00faneis da Ladeira da Vinha e Jo\u00e3o Delgado \u2013 tro\u00e7o entre os km 3+600 e 3+800\u00bb, at\u00e9 ao montante de 6.720.000 euros, ao qual ser\u00e1 acrescido IVA \u00e0 taxa legal [\u2026]<\/p>\n","protected":false},"excerpt":{"rendered":"<p>O Conselho de Governo deliberou autorizar a realiza\u00e7\u00e3o da despesa inerente \u00e0 empreitada designada por \u00abEstabiliza\u00e7\u00e3o do Talude e Prote\u00e7\u00e3o &#8230; <\/p>\n<p class=\"read-more-container\"><a title=\"GR destina mais de 6 milh\u00f5es e meio a estabiliza\u00e7\u00e3o do talude e protec\u00e7\u00e3o da VE2\" class=\"read-more button\" href=\"https:\/\/madeiraisland.news\/?p=1208602#more-1208602\" aria-label=\"Read more about GR destina mais de 6 milh\u00f5es e meio a estabiliza\u00e7\u00e3o do talude e protec\u00e7\u00e3o da VE2\">Read more<\/a><\/p>\n","protected":false},"author":258,"featured_media":0,"comment_status":"open","ping_status":"","sticky":false,"template":"","format":"standard","meta":{"footnotes":""},"categories":[19],"tags":[],"class_list":["post-1208602","post","type-post","status-publish","format-standard","hentry","category-madeira-island-news","infinite-scroll-item","masonry-post","generate-columns","tablet-grid-50","mobile-grid-100","grid-parent","grid-33"],"_links":{"self":[{"href":"https:\/\/madeiraisland.news\/index.php?rest_route=\/wp\/v2\/posts\/1208602","targetHints":{"allow":["GET"]}}],"collection":[{"href":"https:\/\/madeiraisland.news\/index.php?rest_route=\/wp\/v2\/posts"}],"about":[{"href":"https:\/\/madeiraisland.news\/index.php?rest_route=\/wp\/v2\/types\/post"}],"author":[{"embeddable":true,"href":"https:\/\/madeiraisland.news\/index.php?rest_route=\/wp\/v2\/users\/258"}],"replies":[{"embeddable":true,"href":"https:\/\/madeiraisland.news\/index.php?rest_route=%2Fwp%2Fv2%2Fcomments&post=1208602"}],"version-history":[{"count":1,"href":"https:\/\/madeiraisland.news\/index.php?rest_route=\/wp\/v2\/posts\/1208602\/revisions"}],"predecessor-version":[{"id":1208603,"href":"https:\/\/madeiraisland.news\/index.php?rest_route=\/wp\/v2\/posts\/1208602\/revisions\/1208603"}],"wp:attachment":[{"href":"https:\/\/madeiraisland.news\/index.php?rest_route=%2Fwp%2Fv2%2Fmedia&parent=1208602"}],"wp:term":[{"taxonomy":"category","embeddable":true,"href":"https:\/\/madeiraisland.news\/index.php?rest_route=%2Fwp%2Fv2%2Fcategories&post=1208602"},{"taxonomy":"post_tag","embeddable":true,"href":"https:\/\/madeiraisland.news\/index.php?rest_route=%2Fwp%2Fv2%2Ftags&post=1208602"}],"curies":[{"name":"wp","href":"https:\/\/api.w.org\/{rel}","templated":true}]}}