{"id":1208594,"date":"2026-09-03T16:10:30","date_gmt":"2026-09-03T16:10:30","guid":{"rendered":"https:\/\/madeiraisland.news\/?p=1208594"},"modified":"2026-09-03T16:16:43","modified_gmt":"2026-09-03T16:16:43","slug":"cmf-assinala-amanha-dia-mundial-da-saude-sexual-com-sessao-de-entrada-livre","status":"publish","type":"post","link":"https:\/\/madeiraisland.news\/?p=1208594","title":{"rendered":"CMF assinala amanh\u00e3 Dia Mundial da Sa\u00fade Sexual, com sess\u00e3o de entrada livre"},"content":{"rendered":"<p>O Munic\u00edpio do Funchal assinala o Dia Mundial da Sa\u00fade Sexual, com uma iniciativa, de entrada livre, \u00a0dedicada \u00e0 reflex\u00e3o e ao debate sobre a sa\u00fade sexual enquanto dimens\u00e3o fundamental da sa\u00fade e do bem-estar. A sess\u00e3o decorre amanh\u00e3 na Sala da Assembleia Municipal do Funchal, a partir das 14h30, com abertura pela vereadora Helena [\u2026]<\/p>\n","protected":false},"excerpt":{"rendered":"<p>O Munic\u00edpio do Funchal assinala o Dia Mundial da Sa\u00fade Sexual, com uma iniciativa, de entrada livre, \u00a0dedicada \u00e0 reflex\u00e3o &#8230; <\/p>\n<p class=\"read-more-container\"><a title=\"CMF assinala amanh\u00e3 Dia Mundial da Sa\u00fade Sexual, com sess\u00e3o de entrada livre\" class=\"read-more button\" href=\"https:\/\/madeiraisland.news\/?p=1208594#more-1208594\" aria-label=\"Read more about CMF assinala amanh\u00e3 Dia Mundial da Sa\u00fade Sexual, com sess\u00e3o de entrada livre\">Read more<\/a><\/p>\n","protected":false},"author":258,"featured_media":0,"comment_status":"open","ping_status":"","sticky":false,"template":"","format":"standard","meta":{"footnotes":""},"categories":[19],"tags":[],"class_list":["post-1208594","post","type-post","status-publish","format-standard","hentry","category-madeira-island-news","infinite-scroll-item","masonry-post","generate-columns","tablet-grid-50","mobile-grid-100","grid-parent","grid-33"],"_links":{"self":[{"href":"https:\/\/madeiraisland.news\/index.php?rest_route=\/wp\/v2\/posts\/1208594","targetHints":{"allow":["GET"]}}],"collection":[{"href":"https:\/\/madeiraisland.news\/index.php?rest_route=\/wp\/v2\/posts"}],"about":[{"href":"https:\/\/madeiraisland.news\/index.php?rest_route=\/wp\/v2\/types\/post"}],"author":[{"embeddable":true,"href":"https:\/\/madeiraisland.news\/index.php?rest_route=\/wp\/v2\/users\/258"}],"replies":[{"embeddable":true,"href":"https:\/\/madeiraisland.news\/index.php?rest_route=%2Fwp%2Fv2%2Fcomments&post=1208594"}],"version-history":[{"count":1,"href":"https:\/\/madeiraisland.news\/index.php?rest_route=\/wp\/v2\/posts\/1208594\/revisions"}],"predecessor-version":[{"id":1208595,"href":"https:\/\/madeiraisland.news\/index.php?rest_route=\/wp\/v2\/posts\/1208594\/revisions\/1208595"}],"wp:attachment":[{"href":"https:\/\/madeiraisland.news\/index.php?rest_route=%2Fwp%2Fv2%2Fmedia&parent=1208594"}],"wp:term":[{"taxonomy":"category","embeddable":true,"href":"https:\/\/madeiraisland.news\/index.php?rest_route=%2Fwp%2Fv2%2Fcategories&post=1208594"},{"taxonomy":"post_tag","embeddable":true,"href":"https:\/\/madeiraisland.news\/index.php?rest_route=%2Fwp%2Fv2%2Ftags&post=1208594"}],"curies":[{"name":"wp","href":"https:\/\/api.w.org\/{rel}","templated":true}]}}