{"id":1208591,"date":"2026-09-03T15:34:54","date_gmt":"2026-09-03T15:34:54","guid":{"rendered":"https:\/\/madeiraisland.news\/?p=1208591"},"modified":"2026-09-03T15:46:45","modified_gmt":"2026-09-03T15:46:45","slug":"mocao-de-censura-do-chega-ao-governo-vai-ser-discutida-no-parlamento-a-08-de-setembro","status":"publish","type":"post","link":"https:\/\/madeiraisland.news\/?p=1208591","title":{"rendered":"Mo\u00e7\u00e3o de censura do Chega ao Governo vai ser discutida no Parlamento a 08 de setembro"},"content":{"rendered":"<p>A mo\u00e7\u00e3o de censura do Chega ao Governo vai ser discutida a 08 de Setembro, ainda durante a primeira sess\u00e3o legislativa da actual legislatura, decidiu a confer\u00eancia de l\u00edderes.<br \/>\nO porta-voz deste \u00f3rg\u00e3o anunciou que a Comiss\u00e3o Permanente vai reunir-se no dia no dia 07, segunda-feira, para convocar o plen\u00e1rio para o dia seguinte, j\u00e1 que o Parlamento se encontra fora do per\u00edodo efectivo de funcionamento.<br \/>\nEsta data n\u00e3o era uma das duas propostas pelo presidente do Parlamento, no despacho que enviou na<\/p>\n","protected":false},"excerpt":{"rendered":"<p>A mo\u00e7\u00e3o de censura do Chega ao Governo vai ser discutida a 08 de Setembro, ainda durante a primeira sess\u00e3o legislativa da actual legislatura, decidiu a confer\u00eancia de l\u00edderes. O porta-voz deste \u00f3rg\u00e3o anunciou que<\/p>\n","protected":false},"author":5,"featured_media":0,"comment_status":"open","ping_status":"","sticky":false,"template":"","format":"standard","meta":{"footnotes":""},"categories":[19],"tags":[],"class_list":["post-1208591","post","type-post","status-publish","format-standard","hentry","category-madeira-island-news","infinite-scroll-item","masonry-post","generate-columns","tablet-grid-50","mobile-grid-100","grid-parent","grid-33"],"_links":{"self":[{"href":"https:\/\/madeiraisland.news\/index.php?rest_route=\/wp\/v2\/posts\/1208591","targetHints":{"allow":["GET"]}}],"collection":[{"href":"https:\/\/madeiraisland.news\/index.php?rest_route=\/wp\/v2\/posts"}],"about":[{"href":"https:\/\/madeiraisland.news\/index.php?rest_route=\/wp\/v2\/types\/post"}],"author":[{"embeddable":true,"href":"https:\/\/madeiraisland.news\/index.php?rest_route=\/wp\/v2\/users\/5"}],"replies":[{"embeddable":true,"href":"https:\/\/madeiraisland.news\/index.php?rest_route=%2Fwp%2Fv2%2Fcomments&post=1208591"}],"version-history":[{"count":2,"href":"https:\/\/madeiraisland.news\/index.php?rest_route=\/wp\/v2\/posts\/1208591\/revisions"}],"predecessor-version":[{"id":1208593,"href":"https:\/\/madeiraisland.news\/index.php?rest_route=\/wp\/v2\/posts\/1208591\/revisions\/1208593"}],"wp:attachment":[{"href":"https:\/\/madeiraisland.news\/index.php?rest_route=%2Fwp%2Fv2%2Fmedia&parent=1208591"}],"wp:term":[{"taxonomy":"category","embeddable":true,"href":"https:\/\/madeiraisland.news\/index.php?rest_route=%2Fwp%2Fv2%2Fcategories&post=1208591"},{"taxonomy":"post_tag","embeddable":true,"href":"https:\/\/madeiraisland.news\/index.php?rest_route=%2Fwp%2Fv2%2Ftags&post=1208591"}],"curies":[{"name":"wp","href":"https:\/\/api.w.org\/{rel}","templated":true}]}}