{"id":1208588,"date":"2026-09-03T15:20:56","date_gmt":"2026-09-03T15:20:56","guid":{"rendered":"https:\/\/madeiraisland.news\/?p=1208588"},"modified":"2026-09-03T15:30:33","modified_gmt":"2026-09-03T15:30:33","slug":"livre-apresenta-voto-de-solidariedade-para-com-jornalistas-da-agencia-lusa","status":"publish","type":"post","link":"https:\/\/madeiraisland.news\/?p=1208588","title":{"rendered":"Livre apresenta voto de solidariedade para com jornalistas da ag\u00eancia Lusa"},"content":{"rendered":"<p>O Livre apresentou hoje um voto de solidariedade para com os jornalistas da ag\u00eancia Lusa depois de o deputado do Chega Pedro Fraz\u00e3o ter divulgado um v\u00eddeo no qual amea\u00e7a fechar a ag\u00eancia e insulta os seus profissionais.<br \/>\nNo projecto apresentado, o Livre quer que a Assembleia da Rep\u00fablica manifeste &#8220;a sua solidariedade para com os jornalistas e os demais trabalhadores da Ag\u00eancia Lusa&#8221; e reafirme &#8220;o seu compromisso com o servi\u00e7o p\u00fablico de informa\u00e7\u00e3o e com a liberdade de imprensa, com a independ\u00eanc<\/p>\n","protected":false},"excerpt":{"rendered":"<p>O Livre apresentou hoje um voto de solidariedade para com os jornalistas da ag\u00eancia Lusa depois de o deputado do Chega Pedro Fraz\u00e3o ter divulgado um v\u00eddeo no qual amea\u00e7a fechar a ag\u00eancia e insulta<\/p>\n","protected":false},"author":5,"featured_media":0,"comment_status":"open","ping_status":"","sticky":false,"template":"","format":"standard","meta":{"footnotes":""},"categories":[19],"tags":[],"class_list":["post-1208588","post","type-post","status-publish","format-standard","hentry","category-madeira-island-news","infinite-scroll-item","masonry-post","generate-columns","tablet-grid-50","mobile-grid-100","grid-parent","grid-33"],"_links":{"self":[{"href":"https:\/\/madeiraisland.news\/index.php?rest_route=\/wp\/v2\/posts\/1208588","targetHints":{"allow":["GET"]}}],"collection":[{"href":"https:\/\/madeiraisland.news\/index.php?rest_route=\/wp\/v2\/posts"}],"about":[{"href":"https:\/\/madeiraisland.news\/index.php?rest_route=\/wp\/v2\/types\/post"}],"author":[{"embeddable":true,"href":"https:\/\/madeiraisland.news\/index.php?rest_route=\/wp\/v2\/users\/5"}],"replies":[{"embeddable":true,"href":"https:\/\/madeiraisland.news\/index.php?rest_route=%2Fwp%2Fv2%2Fcomments&post=1208588"}],"version-history":[{"count":2,"href":"https:\/\/madeiraisland.news\/index.php?rest_route=\/wp\/v2\/posts\/1208588\/revisions"}],"predecessor-version":[{"id":1208590,"href":"https:\/\/madeiraisland.news\/index.php?rest_route=\/wp\/v2\/posts\/1208588\/revisions\/1208590"}],"wp:attachment":[{"href":"https:\/\/madeiraisland.news\/index.php?rest_route=%2Fwp%2Fv2%2Fmedia&parent=1208588"}],"wp:term":[{"taxonomy":"category","embeddable":true,"href":"https:\/\/madeiraisland.news\/index.php?rest_route=%2Fwp%2Fv2%2Fcategories&post=1208588"},{"taxonomy":"post_tag","embeddable":true,"href":"https:\/\/madeiraisland.news\/index.php?rest_route=%2Fwp%2Fv2%2Ftags&post=1208588"}],"curies":[{"name":"wp","href":"https:\/\/api.w.org\/{rel}","templated":true}]}}