{"id":1208583,"date":"2026-09-03T15:09:17","date_gmt":"2026-09-03T15:09:17","guid":{"rendered":"https:\/\/madeiraisland.news\/?p=1208583"},"modified":"2026-09-03T15:19:17","modified_gmt":"2026-09-03T15:19:17","slug":"quatro-meios-aereos-e-169-bombeiros-combatem-fogo-na-lourinha","status":"publish","type":"post","link":"https:\/\/madeiraisland.news\/?p=1208583","title":{"rendered":"Quatro meios a\u00e9reos e 169 bombeiros combatem fogo na Lourinh\u00e3"},"content":{"rendered":"<p>Quatro meios a\u00e9reos e 169 bombeiros est\u00e3o a combater um inc\u00eandio no Planalto das Cezaredas, no concelho da Lourinh\u00e3, disse fonte do Sub-Comando de Emerg\u00eancia e Prote\u00e7\u00e3o Civil do Oeste.<br \/>\nPelas 15h00, o fogo estava activo, afectando uma \u00e1rea de floresta e de mato no Planalto das Cezaredas, no concelho da Lourinh\u00e3 e distrito de Lisboa, informou a fonte.<br \/>\nNo local, os 169 bombeiros est\u00e3o a ser apoiados por 47 viaturas de v\u00e1rias corpora\u00e7\u00f5es de bombeiros da regi\u00e3o.<\/p>\n","protected":false},"excerpt":{"rendered":"<p>Quatro meios a\u00e9reos e 169 bombeiros est\u00e3o a combater um inc\u00eandio no Planalto das Cezaredas, no concelho da Lourinh\u00e3, disse fonte do Sub-Comando de Emerg\u00eancia e Prote\u00e7\u00e3o Civil do Oeste. Pelas 15h00, o fogo estava<\/p>\n","protected":false},"author":5,"featured_media":0,"comment_status":"open","ping_status":"","sticky":false,"template":"","format":"standard","meta":{"footnotes":""},"categories":[19],"tags":[],"class_list":["post-1208583","post","type-post","status-publish","format-standard","hentry","category-madeira-island-news","infinite-scroll-item","masonry-post","generate-columns","tablet-grid-50","mobile-grid-100","grid-parent","grid-33"],"_links":{"self":[{"href":"https:\/\/madeiraisland.news\/index.php?rest_route=\/wp\/v2\/posts\/1208583","targetHints":{"allow":["GET"]}}],"collection":[{"href":"https:\/\/madeiraisland.news\/index.php?rest_route=\/wp\/v2\/posts"}],"about":[{"href":"https:\/\/madeiraisland.news\/index.php?rest_route=\/wp\/v2\/types\/post"}],"author":[{"embeddable":true,"href":"https:\/\/madeiraisland.news\/index.php?rest_route=\/wp\/v2\/users\/5"}],"replies":[{"embeddable":true,"href":"https:\/\/madeiraisland.news\/index.php?rest_route=%2Fwp%2Fv2%2Fcomments&post=1208583"}],"version-history":[{"count":2,"href":"https:\/\/madeiraisland.news\/index.php?rest_route=\/wp\/v2\/posts\/1208583\/revisions"}],"predecessor-version":[{"id":1208585,"href":"https:\/\/madeiraisland.news\/index.php?rest_route=\/wp\/v2\/posts\/1208583\/revisions\/1208585"}],"wp:attachment":[{"href":"https:\/\/madeiraisland.news\/index.php?rest_route=%2Fwp%2Fv2%2Fmedia&parent=1208583"}],"wp:term":[{"taxonomy":"category","embeddable":true,"href":"https:\/\/madeiraisland.news\/index.php?rest_route=%2Fwp%2Fv2%2Fcategories&post=1208583"},{"taxonomy":"post_tag","embeddable":true,"href":"https:\/\/madeiraisland.news\/index.php?rest_route=%2Fwp%2Fv2%2Ftags&post=1208583"}],"curies":[{"name":"wp","href":"https:\/\/api.w.org\/{rel}","templated":true}]}}