{"id":1208580,"date":"2026-09-03T15:14:11","date_gmt":"2026-09-03T15:14:11","guid":{"rendered":"https:\/\/madeiraisland.news\/?p=1208580"},"modified":"2026-09-03T15:19:17","modified_gmt":"2026-09-03T15:19:17","slug":"homem-de-42-anos-detido-por-atear-florestal-fogo-em-montalegre","status":"publish","type":"post","link":"https:\/\/madeiraisland.news\/?p=1208580","title":{"rendered":"Homem de 42 anos detido por atear florestal fogo em Montalegre"},"content":{"rendered":"<p>Um homem de 42 anos foi detido pela suspeita de ter ateado um inc\u00eandio florestal ocorrido a 18 de Agosto em Solveira, concelho de Montalegre, anunciou hoje a Pol\u00edcia Judici\u00e1ria (PJ).<br \/>\nA PJ refere, em comunicado, que a investiga\u00e7\u00e3o permitiu apurar que o inc\u00eandio foi iniciado mediante a utiliza\u00e7\u00e3o de chama directa, provavelmente um isqueiro.<br \/>\nO homem est\u00e1 &#8220;fortemente indiciado&#8221; da autoria de um crime de inc\u00eandio florestal que consumiu &#8220;uma \u00e1rea de cerca de seis mil metros quadrados de vegeta\u00e7\u00f5es her<\/p>\n","protected":false},"excerpt":{"rendered":"<p>Um homem de 42 anos foi detido pela suspeita de ter ateado um inc\u00eandio florestal ocorrido a 18 de Agosto em Solveira, concelho de Montalegre, anunciou hoje a Pol\u00edcia Judici\u00e1ria (PJ). A PJ refere, em<\/p>\n","protected":false},"author":5,"featured_media":0,"comment_status":"open","ping_status":"","sticky":false,"template":"","format":"standard","meta":{"footnotes":""},"categories":[19],"tags":[],"class_list":["post-1208580","post","type-post","status-publish","format-standard","hentry","category-madeira-island-news","infinite-scroll-item","masonry-post","generate-columns","tablet-grid-50","mobile-grid-100","grid-parent","grid-33"],"_links":{"self":[{"href":"https:\/\/madeiraisland.news\/index.php?rest_route=\/wp\/v2\/posts\/1208580","targetHints":{"allow":["GET"]}}],"collection":[{"href":"https:\/\/madeiraisland.news\/index.php?rest_route=\/wp\/v2\/posts"}],"about":[{"href":"https:\/\/madeiraisland.news\/index.php?rest_route=\/wp\/v2\/types\/post"}],"author":[{"embeddable":true,"href":"https:\/\/madeiraisland.news\/index.php?rest_route=\/wp\/v2\/users\/5"}],"replies":[{"embeddable":true,"href":"https:\/\/madeiraisland.news\/index.php?rest_route=%2Fwp%2Fv2%2Fcomments&post=1208580"}],"version-history":[{"count":2,"href":"https:\/\/madeiraisland.news\/index.php?rest_route=\/wp\/v2\/posts\/1208580\/revisions"}],"predecessor-version":[{"id":1208582,"href":"https:\/\/madeiraisland.news\/index.php?rest_route=\/wp\/v2\/posts\/1208580\/revisions\/1208582"}],"wp:attachment":[{"href":"https:\/\/madeiraisland.news\/index.php?rest_route=%2Fwp%2Fv2%2Fmedia&parent=1208580"}],"wp:term":[{"taxonomy":"category","embeddable":true,"href":"https:\/\/madeiraisland.news\/index.php?rest_route=%2Fwp%2Fv2%2Fcategories&post=1208580"},{"taxonomy":"post_tag","embeddable":true,"href":"https:\/\/madeiraisland.news\/index.php?rest_route=%2Fwp%2Fv2%2Ftags&post=1208580"}],"curies":[{"name":"wp","href":"https:\/\/api.w.org\/{rel}","templated":true}]}}