{"id":1208578,"date":"2026-09-03T15:01:46","date_gmt":"2026-09-03T15:01:46","guid":{"rendered":"https:\/\/madeiraisland.news\/?p=1208578"},"modified":"2026-09-03T15:19:16","modified_gmt":"2026-09-03T15:19:16","slug":"jpp-acusa-psd-cds-de-menosprezar-queixas-dos-moradores-do-lazareto-acerca-da-etar","status":"publish","type":"post","link":"https:\/\/madeiraisland.news\/?p=1208578","title":{"rendered":"JPP acusa PSD\/CDS de menosprezar queixas dos moradores do Lazareto acerca da ETAR"},"content":{"rendered":"<p>Os vereadores do Juntos Pelo Povo (JPP) na C\u00e2mara Municipal do Funchal vieram lamentar publicamente a rejei\u00e7\u00e3o, por parte da maioria PSD\/CDS, da Proposta de Recomenda\u00e7\u00e3o apresentada pelo partido que exigia a resolu\u00e7\u00e3o urgente do problema dos maus odores na zona envolvente \u00e0 Esta\u00e7\u00e3o de Tratamento de \u00c1guas Residuais (ETAR) do Lazareto, uma situa\u00e7\u00e3o que [\u2026]<\/p>\n","protected":false},"excerpt":{"rendered":"<p>Os vereadores do Juntos Pelo Povo (JPP) na C\u00e2mara Municipal do Funchal vieram lamentar publicamente a rejei\u00e7\u00e3o, por parte da &#8230; <\/p>\n<p class=\"read-more-container\"><a title=\"JPP acusa PSD\/CDS de menosprezar queixas dos moradores do Lazareto acerca da ETAR\" class=\"read-more button\" href=\"https:\/\/madeiraisland.news\/?p=1208578#more-1208578\" aria-label=\"Read more about JPP acusa PSD\/CDS de menosprezar queixas dos moradores do Lazareto acerca da ETAR\">Read more<\/a><\/p>\n","protected":false},"author":258,"featured_media":0,"comment_status":"open","ping_status":"","sticky":false,"template":"","format":"standard","meta":{"footnotes":""},"categories":[19],"tags":[],"class_list":["post-1208578","post","type-post","status-publish","format-standard","hentry","category-madeira-island-news","infinite-scroll-item","masonry-post","generate-columns","tablet-grid-50","mobile-grid-100","grid-parent","grid-33"],"_links":{"self":[{"href":"https:\/\/madeiraisland.news\/index.php?rest_route=\/wp\/v2\/posts\/1208578","targetHints":{"allow":["GET"]}}],"collection":[{"href":"https:\/\/madeiraisland.news\/index.php?rest_route=\/wp\/v2\/posts"}],"about":[{"href":"https:\/\/madeiraisland.news\/index.php?rest_route=\/wp\/v2\/types\/post"}],"author":[{"embeddable":true,"href":"https:\/\/madeiraisland.news\/index.php?rest_route=\/wp\/v2\/users\/258"}],"replies":[{"embeddable":true,"href":"https:\/\/madeiraisland.news\/index.php?rest_route=%2Fwp%2Fv2%2Fcomments&post=1208578"}],"version-history":[{"count":1,"href":"https:\/\/madeiraisland.news\/index.php?rest_route=\/wp\/v2\/posts\/1208578\/revisions"}],"predecessor-version":[{"id":1208579,"href":"https:\/\/madeiraisland.news\/index.php?rest_route=\/wp\/v2\/posts\/1208578\/revisions\/1208579"}],"wp:attachment":[{"href":"https:\/\/madeiraisland.news\/index.php?rest_route=%2Fwp%2Fv2%2Fmedia&parent=1208578"}],"wp:term":[{"taxonomy":"category","embeddable":true,"href":"https:\/\/madeiraisland.news\/index.php?rest_route=%2Fwp%2Fv2%2Fcategories&post=1208578"},{"taxonomy":"post_tag","embeddable":true,"href":"https:\/\/madeiraisland.news\/index.php?rest_route=%2Fwp%2Fv2%2Ftags&post=1208578"}],"curies":[{"name":"wp","href":"https:\/\/api.w.org\/{rel}","templated":true}]}}