{"id":1208576,"date":"2026-09-03T15:10:48","date_gmt":"2026-09-03T15:10:48","guid":{"rendered":"https:\/\/madeiraisland.news\/?p=1208576"},"modified":"2026-09-03T15:19:16","modified_gmt":"2026-09-03T15:19:16","slug":"aep-celebra-113-anos-de-existencia-dia-5-no-parque-ecologico-do-funchal","status":"publish","type":"post","link":"https:\/\/madeiraisland.news\/?p=1208576","title":{"rendered":"AEP celebra 113 anos de exist\u00eancia dia 5 no Parque Ecol\u00f3gico do Funchal"},"content":{"rendered":"<p>No pr\u00f3ximo dia 5 de Setembro, s\u00e1bado, a Associa\u00e7\u00e3o dos Escoteiros de Portugal celebrar\u00e1 o seu 113.\u00ba anivers\u00e1rio. Desde a sua funda\u00e7\u00e3o, a 6 de Setembro de 1913, s\u00e3o 113 anos de pura e exclusiva dedica\u00e7\u00e3o \u00e0 juventude portuguesa atrav\u00e9s do m\u00e9todo iniciado por Baden-Powell, que assenta, sobretudo, na educa\u00e7\u00e3o pela ac\u00e7\u00e3o \u2013\u00a0 hoje comummente [\u2026]<\/p>\n","protected":false},"excerpt":{"rendered":"<p>No pr\u00f3ximo dia 5 de Setembro, s\u00e1bado, a Associa\u00e7\u00e3o dos Escoteiros de Portugal celebrar\u00e1 o seu 113.\u00ba anivers\u00e1rio. Desde a &#8230; <\/p>\n<p class=\"read-more-container\"><a title=\"AEP celebra 113 anos de exist\u00eancia dia 5 no Parque Ecol\u00f3gico do Funchal\" class=\"read-more button\" href=\"https:\/\/madeiraisland.news\/?p=1208576#more-1208576\" aria-label=\"Read more about AEP celebra 113 anos de exist\u00eancia dia 5 no Parque Ecol\u00f3gico do Funchal\">Read more<\/a><\/p>\n","protected":false},"author":258,"featured_media":0,"comment_status":"open","ping_status":"","sticky":false,"template":"","format":"standard","meta":{"footnotes":""},"categories":[19],"tags":[],"class_list":["post-1208576","post","type-post","status-publish","format-standard","hentry","category-madeira-island-news","infinite-scroll-item","masonry-post","generate-columns","tablet-grid-50","mobile-grid-100","grid-parent","grid-33"],"_links":{"self":[{"href":"https:\/\/madeiraisland.news\/index.php?rest_route=\/wp\/v2\/posts\/1208576","targetHints":{"allow":["GET"]}}],"collection":[{"href":"https:\/\/madeiraisland.news\/index.php?rest_route=\/wp\/v2\/posts"}],"about":[{"href":"https:\/\/madeiraisland.news\/index.php?rest_route=\/wp\/v2\/types\/post"}],"author":[{"embeddable":true,"href":"https:\/\/madeiraisland.news\/index.php?rest_route=\/wp\/v2\/users\/258"}],"replies":[{"embeddable":true,"href":"https:\/\/madeiraisland.news\/index.php?rest_route=%2Fwp%2Fv2%2Fcomments&post=1208576"}],"version-history":[{"count":1,"href":"https:\/\/madeiraisland.news\/index.php?rest_route=\/wp\/v2\/posts\/1208576\/revisions"}],"predecessor-version":[{"id":1208577,"href":"https:\/\/madeiraisland.news\/index.php?rest_route=\/wp\/v2\/posts\/1208576\/revisions\/1208577"}],"wp:attachment":[{"href":"https:\/\/madeiraisland.news\/index.php?rest_route=%2Fwp%2Fv2%2Fmedia&parent=1208576"}],"wp:term":[{"taxonomy":"category","embeddable":true,"href":"https:\/\/madeiraisland.news\/index.php?rest_route=%2Fwp%2Fv2%2Fcategories&post=1208576"},{"taxonomy":"post_tag","embeddable":true,"href":"https:\/\/madeiraisland.news\/index.php?rest_route=%2Fwp%2Fv2%2Ftags&post=1208576"}],"curies":[{"name":"wp","href":"https:\/\/api.w.org\/{rel}","templated":true}]}}