{"id":1208574,"date":"2026-09-03T14:50:52","date_gmt":"2026-09-03T14:50:52","guid":{"rendered":"https:\/\/madeiraisland.news\/?p=1208574"},"modified":"2026-09-03T15:00:10","modified_gmt":"2026-09-03T15:00:10","slug":"liberais-apontam-que-estado-gr-e-camaras-devem-esclarecer-se-tem-interesse-na-casa-de-lourdes-castro","status":"publish","type":"post","link":"https:\/\/madeiraisland.news\/?p=1208574","title":{"rendered":"Liberais apontam que Estado, GR e C\u00e2maras devem esclarecer se t\u00eam interesse na casa de Lourdes Castro"},"content":{"rendered":"<p>A Iniciativa Liberal emitiu uma nota considerando que a pol\u00e9mica em torno da anunciada venda da casa de Lourdes Castro, pelo respectivo propriet\u00e1rio, \u00e9 bem reveladora da forma como o Estado, a Regi\u00e3o Aut\u00f3noma e as C\u00e2maras Municipais tratam o nosso patrim\u00f3nio cultural. \u201cA relev\u00e2ncia cultural, arquitect\u00f3nica e hist\u00f3ria deste espa\u00e7o, associado \u00e0 vida e [\u2026]<\/p>\n","protected":false},"excerpt":{"rendered":"<p>A Iniciativa Liberal emitiu uma nota considerando que a pol\u00e9mica em torno da anunciada venda da casa de Lourdes Castro, &#8230; <\/p>\n<p class=\"read-more-container\"><a title=\"Liberais apontam que Estado, GR e C\u00e2maras devem esclarecer se t\u00eam interesse na casa de Lourdes Castro\" class=\"read-more button\" href=\"https:\/\/madeiraisland.news\/?p=1208574#more-1208574\" aria-label=\"Read more about Liberais apontam que Estado, GR e C\u00e2maras devem esclarecer se t\u00eam interesse na casa de Lourdes Castro\">Read more<\/a><\/p>\n","protected":false},"author":258,"featured_media":0,"comment_status":"open","ping_status":"","sticky":false,"template":"","format":"standard","meta":{"footnotes":""},"categories":[19],"tags":[],"class_list":["post-1208574","post","type-post","status-publish","format-standard","hentry","category-madeira-island-news","infinite-scroll-item","masonry-post","generate-columns","tablet-grid-50","mobile-grid-100","grid-parent","grid-33"],"_links":{"self":[{"href":"https:\/\/madeiraisland.news\/index.php?rest_route=\/wp\/v2\/posts\/1208574","targetHints":{"allow":["GET"]}}],"collection":[{"href":"https:\/\/madeiraisland.news\/index.php?rest_route=\/wp\/v2\/posts"}],"about":[{"href":"https:\/\/madeiraisland.news\/index.php?rest_route=\/wp\/v2\/types\/post"}],"author":[{"embeddable":true,"href":"https:\/\/madeiraisland.news\/index.php?rest_route=\/wp\/v2\/users\/258"}],"replies":[{"embeddable":true,"href":"https:\/\/madeiraisland.news\/index.php?rest_route=%2Fwp%2Fv2%2Fcomments&post=1208574"}],"version-history":[{"count":1,"href":"https:\/\/madeiraisland.news\/index.php?rest_route=\/wp\/v2\/posts\/1208574\/revisions"}],"predecessor-version":[{"id":1208575,"href":"https:\/\/madeiraisland.news\/index.php?rest_route=\/wp\/v2\/posts\/1208574\/revisions\/1208575"}],"wp:attachment":[{"href":"https:\/\/madeiraisland.news\/index.php?rest_route=%2Fwp%2Fv2%2Fmedia&parent=1208574"}],"wp:term":[{"taxonomy":"category","embeddable":true,"href":"https:\/\/madeiraisland.news\/index.php?rest_route=%2Fwp%2Fv2%2Fcategories&post=1208574"},{"taxonomy":"post_tag","embeddable":true,"href":"https:\/\/madeiraisland.news\/index.php?rest_route=%2Fwp%2Fv2%2Ftags&post=1208574"}],"curies":[{"name":"wp","href":"https:\/\/api.w.org\/{rel}","templated":true}]}}