{"id":1208572,"date":"2026-09-03T14:55:51","date_gmt":"2026-09-03T14:55:51","guid":{"rendered":"https:\/\/madeiraisland.news\/?p=1208572"},"modified":"2026-09-03T15:00:10","modified_gmt":"2026-09-03T15:00:10","slug":"mais-de-150-madeirenses-constituem-representacao-insular-na-50a-festa-do-avante","status":"publish","type":"post","link":"https:\/\/madeiraisland.news\/?p=1208572","title":{"rendered":"Mais de 150 madeirenses constituem representa\u00e7\u00e3o insular na \u201c50\u00aa Festa do Avante!\u201d"},"content":{"rendered":"<p>A Organiza\u00e7\u00e3o Regional da Madeira do PCP estar\u00e1 presente na 50.\u00aa Festa do Avante!, que decorre de 4 a 6 de Setembro, na Atalaia, Amora, Seixal, com uma delega\u00e7\u00e3o de mais de 150 militantes e amigos, anuncia esta forma\u00e7\u00e3o pol\u00edtica. \u201cA Madeira volta a marcar presen\u00e7a na Festa do Avante! com uma forte delega\u00e7\u00e3o, levando [\u2026]<\/p>\n","protected":false},"excerpt":{"rendered":"<p>A Organiza\u00e7\u00e3o Regional da Madeira do PCP estar\u00e1 presente na 50.\u00aa Festa do Avante!, que decorre de 4 a 6 &#8230; <\/p>\n<p class=\"read-more-container\"><a title=\"Mais de 150 madeirenses constituem representa\u00e7\u00e3o insular na \u201c50\u00aa Festa do Avante!\u201d\" class=\"read-more button\" href=\"https:\/\/madeiraisland.news\/?p=1208572#more-1208572\" aria-label=\"Read more about Mais de 150 madeirenses constituem representa\u00e7\u00e3o insular na \u201c50\u00aa Festa do Avante!\u201d\">Read more<\/a><\/p>\n","protected":false},"author":258,"featured_media":0,"comment_status":"open","ping_status":"","sticky":false,"template":"","format":"standard","meta":{"footnotes":""},"categories":[19],"tags":[],"class_list":["post-1208572","post","type-post","status-publish","format-standard","hentry","category-madeira-island-news","infinite-scroll-item","masonry-post","generate-columns","tablet-grid-50","mobile-grid-100","grid-parent","grid-33"],"_links":{"self":[{"href":"https:\/\/madeiraisland.news\/index.php?rest_route=\/wp\/v2\/posts\/1208572","targetHints":{"allow":["GET"]}}],"collection":[{"href":"https:\/\/madeiraisland.news\/index.php?rest_route=\/wp\/v2\/posts"}],"about":[{"href":"https:\/\/madeiraisland.news\/index.php?rest_route=\/wp\/v2\/types\/post"}],"author":[{"embeddable":true,"href":"https:\/\/madeiraisland.news\/index.php?rest_route=\/wp\/v2\/users\/258"}],"replies":[{"embeddable":true,"href":"https:\/\/madeiraisland.news\/index.php?rest_route=%2Fwp%2Fv2%2Fcomments&post=1208572"}],"version-history":[{"count":1,"href":"https:\/\/madeiraisland.news\/index.php?rest_route=\/wp\/v2\/posts\/1208572\/revisions"}],"predecessor-version":[{"id":1208573,"href":"https:\/\/madeiraisland.news\/index.php?rest_route=\/wp\/v2\/posts\/1208572\/revisions\/1208573"}],"wp:attachment":[{"href":"https:\/\/madeiraisland.news\/index.php?rest_route=%2Fwp%2Fv2%2Fmedia&parent=1208572"}],"wp:term":[{"taxonomy":"category","embeddable":true,"href":"https:\/\/madeiraisland.news\/index.php?rest_route=%2Fwp%2Fv2%2Fcategories&post=1208572"},{"taxonomy":"post_tag","embeddable":true,"href":"https:\/\/madeiraisland.news\/index.php?rest_route=%2Fwp%2Fv2%2Ftags&post=1208572"}],"curies":[{"name":"wp","href":"https:\/\/api.w.org\/{rel}","templated":true}]}}