{"id":1208570,"date":"2026-09-03T14:32:45","date_gmt":"2026-09-03T14:32:45","guid":{"rendered":"https:\/\/madeiraisland.news\/?p=1208570"},"modified":"2026-09-03T14:45:34","modified_gmt":"2026-09-03T14:45:34","slug":"camara-do-funchal-colocar-abrigos-na-nova-paragem-do-largo-do-pelourinho","status":"publish","type":"post","link":"https:\/\/madeiraisland.news\/?p=1208570","title":{"rendered":"C\u00e2mara do Funchal colocar abrigos na nova paragem do Largo do Pelourinho"},"content":{"rendered":"<p>O Funchal vai aumentar as Bolsas de Estudo do Ensino Superior em mais de 20%, como deu nota p\u00fablica o presidente da autarquia, ap\u00f3s a Reuni\u00e3o de C\u00e2mara, hoje realizada, sendo que o investimento para este apoio corresponde a 2,2 milh\u00f5es de euros e \u00e9 cumulativo a outros apoios j\u00e1 existentes, na Regi\u00e3o. Jorge Carvalho [\u2026]<\/p>\n","protected":false},"excerpt":{"rendered":"<p>O Funchal vai aumentar as Bolsas de Estudo do Ensino Superior em mais de 20%, como deu nota p\u00fablica o &#8230; <\/p>\n<p class=\"read-more-container\"><a title=\"C\u00e2mara do Funchal colocar abrigos na nova paragem do Largo do Pelourinho\" class=\"read-more button\" href=\"https:\/\/madeiraisland.news\/?p=1208570#more-1208570\" aria-label=\"Read more about C\u00e2mara do Funchal colocar abrigos na nova paragem do Largo do Pelourinho\">Read more<\/a><\/p>\n","protected":false},"author":259,"featured_media":0,"comment_status":"open","ping_status":"","sticky":false,"template":"","format":"standard","meta":{"footnotes":""},"categories":[19],"tags":[],"class_list":["post-1208570","post","type-post","status-publish","format-standard","hentry","category-madeira-island-news","infinite-scroll-item","masonry-post","generate-columns","tablet-grid-50","mobile-grid-100","grid-parent","grid-33"],"_links":{"self":[{"href":"https:\/\/madeiraisland.news\/index.php?rest_route=\/wp\/v2\/posts\/1208570","targetHints":{"allow":["GET"]}}],"collection":[{"href":"https:\/\/madeiraisland.news\/index.php?rest_route=\/wp\/v2\/posts"}],"about":[{"href":"https:\/\/madeiraisland.news\/index.php?rest_route=\/wp\/v2\/types\/post"}],"author":[{"embeddable":true,"href":"https:\/\/madeiraisland.news\/index.php?rest_route=\/wp\/v2\/users\/259"}],"replies":[{"embeddable":true,"href":"https:\/\/madeiraisland.news\/index.php?rest_route=%2Fwp%2Fv2%2Fcomments&post=1208570"}],"version-history":[{"count":1,"href":"https:\/\/madeiraisland.news\/index.php?rest_route=\/wp\/v2\/posts\/1208570\/revisions"}],"predecessor-version":[{"id":1208571,"href":"https:\/\/madeiraisland.news\/index.php?rest_route=\/wp\/v2\/posts\/1208570\/revisions\/1208571"}],"wp:attachment":[{"href":"https:\/\/madeiraisland.news\/index.php?rest_route=%2Fwp%2Fv2%2Fmedia&parent=1208570"}],"wp:term":[{"taxonomy":"category","embeddable":true,"href":"https:\/\/madeiraisland.news\/index.php?rest_route=%2Fwp%2Fv2%2Fcategories&post=1208570"},{"taxonomy":"post_tag","embeddable":true,"href":"https:\/\/madeiraisland.news\/index.php?rest_route=%2Fwp%2Fv2%2Ftags&post=1208570"}],"curies":[{"name":"wp","href":"https:\/\/api.w.org\/{rel}","templated":true}]}}