{"id":1208568,"date":"2026-09-03T14:35:35","date_gmt":"2026-09-03T14:35:35","guid":{"rendered":"https:\/\/madeiraisland.news\/?p=1208568"},"modified":"2026-09-03T14:45:34","modified_gmt":"2026-09-03T14:45:34","slug":"psd-m-afirmou-ontem-valorizar-o-pastoreio-organizado","status":"publish","type":"post","link":"https:\/\/madeiraisland.news\/?p=1208568","title":{"rendered":"PSD-M afirmou ontem valorizar o pastoreio organizado"},"content":{"rendered":"<p>Os deputados do PSD-M estiveram ontem no terreno, numa iniciativa com uma associa\u00e7\u00e3o respons\u00e1vel pela gest\u00e3o e acompanhamento de um rebanho numa zona de serra, destacando a import\u00e2ncia do pastoreio organizado enquanto pr\u00e1tica que pode contribuir para a limpeza e manuten\u00e7\u00e3o dos terrenos, para o bem-estar animal e para a protec\u00e7\u00e3o do patrim\u00f3nio natural da [\u2026]<\/p>\n","protected":false},"excerpt":{"rendered":"<p>Os deputados do PSD-M estiveram ontem no terreno, numa iniciativa com uma associa\u00e7\u00e3o respons\u00e1vel pela gest\u00e3o e acompanhamento de um &#8230; <\/p>\n<p class=\"read-more-container\"><a title=\"PSD-M afirmou ontem valorizar o pastoreio organizado\" class=\"read-more button\" href=\"https:\/\/madeiraisland.news\/?p=1208568#more-1208568\" aria-label=\"Read more about PSD-M afirmou ontem valorizar o pastoreio organizado\">Read more<\/a><\/p>\n","protected":false},"author":258,"featured_media":0,"comment_status":"open","ping_status":"","sticky":false,"template":"","format":"standard","meta":{"footnotes":""},"categories":[19],"tags":[],"class_list":["post-1208568","post","type-post","status-publish","format-standard","hentry","category-madeira-island-news","infinite-scroll-item","masonry-post","generate-columns","tablet-grid-50","mobile-grid-100","grid-parent","grid-33"],"_links":{"self":[{"href":"https:\/\/madeiraisland.news\/index.php?rest_route=\/wp\/v2\/posts\/1208568","targetHints":{"allow":["GET"]}}],"collection":[{"href":"https:\/\/madeiraisland.news\/index.php?rest_route=\/wp\/v2\/posts"}],"about":[{"href":"https:\/\/madeiraisland.news\/index.php?rest_route=\/wp\/v2\/types\/post"}],"author":[{"embeddable":true,"href":"https:\/\/madeiraisland.news\/index.php?rest_route=\/wp\/v2\/users\/258"}],"replies":[{"embeddable":true,"href":"https:\/\/madeiraisland.news\/index.php?rest_route=%2Fwp%2Fv2%2Fcomments&post=1208568"}],"version-history":[{"count":1,"href":"https:\/\/madeiraisland.news\/index.php?rest_route=\/wp\/v2\/posts\/1208568\/revisions"}],"predecessor-version":[{"id":1208569,"href":"https:\/\/madeiraisland.news\/index.php?rest_route=\/wp\/v2\/posts\/1208568\/revisions\/1208569"}],"wp:attachment":[{"href":"https:\/\/madeiraisland.news\/index.php?rest_route=%2Fwp%2Fv2%2Fmedia&parent=1208568"}],"wp:term":[{"taxonomy":"category","embeddable":true,"href":"https:\/\/madeiraisland.news\/index.php?rest_route=%2Fwp%2Fv2%2Fcategories&post=1208568"},{"taxonomy":"post_tag","embeddable":true,"href":"https:\/\/madeiraisland.news\/index.php?rest_route=%2Fwp%2Fv2%2Ftags&post=1208568"}],"curies":[{"name":"wp","href":"https:\/\/api.w.org\/{rel}","templated":true}]}}