{"id":1208566,"date":"2026-09-03T14:18:45","date_gmt":"2026-09-03T14:18:45","guid":{"rendered":"https:\/\/madeiraisland.news\/?p=1208566"},"modified":"2026-09-03T14:30:51","modified_gmt":"2026-09-03T14:30:51","slug":"limpeza-preventiva-corta-transito-na-conde-carvalhal","status":"publish","type":"post","link":"https:\/\/madeiraisland.news\/?p=1208566","title":{"rendered":"Limpeza preventiva corta tr\u00e2nsito na Conde Carvalhal"},"content":{"rendered":"<p>A circula\u00e7\u00e3o rodovi\u00e1ria e pedonal est\u00e1 interrompida, esta tarde, na Rua Conde Carvalhal, no Funchal, devido \u00e0 realiza\u00e7\u00e3o de trabalhos preventivos com recurso aos rocheiros da Direc\u00e7\u00e3o Regional de Estradas.<br \/>\nDe acordo com um edital da C\u00e2mara Municipal do Funchal (CMF), publicado a 28 de Agosto, a interrup\u00e7\u00e3o estava prevista para hoje, 3 de Setembro, entre as 9 e as 18 horas, no tro\u00e7o compreendido entre o Caminho da Igreja, em S\u00e3o Gon\u00e7alo, e a Rua do Ch\u00e3o da Loba, junto \u00e0 intersec\u00e7\u00e3o com a Rua Cond<\/p>\n","protected":false},"excerpt":{"rendered":"<p>A circula\u00e7\u00e3o rodovi\u00e1ria e pedonal est\u00e1 interrompida, esta tarde, na Rua Conde Carvalhal, no Funchal, devido \u00e0 realiza\u00e7\u00e3o de trabalhos &#8230; <\/p>\n<p class=\"read-more-container\"><a title=\"Limpeza preventiva corta tr\u00e2nsito na Conde Carvalhal\" class=\"read-more button\" href=\"https:\/\/madeiraisland.news\/?p=1208566#more-1208566\" aria-label=\"Read more about Limpeza preventiva corta tr\u00e2nsito na Conde Carvalhal\">Read more<\/a><\/p>\n","protected":false},"author":301,"featured_media":0,"comment_status":"open","ping_status":"","sticky":false,"template":"","format":"standard","meta":{"footnotes":""},"categories":[19],"tags":[],"class_list":["post-1208566","post","type-post","status-publish","format-standard","hentry","category-madeira-island-news","infinite-scroll-item","masonry-post","generate-columns","tablet-grid-50","mobile-grid-100","grid-parent","grid-33"],"_links":{"self":[{"href":"https:\/\/madeiraisland.news\/index.php?rest_route=\/wp\/v2\/posts\/1208566","targetHints":{"allow":["GET"]}}],"collection":[{"href":"https:\/\/madeiraisland.news\/index.php?rest_route=\/wp\/v2\/posts"}],"about":[{"href":"https:\/\/madeiraisland.news\/index.php?rest_route=\/wp\/v2\/types\/post"}],"author":[{"embeddable":true,"href":"https:\/\/madeiraisland.news\/index.php?rest_route=\/wp\/v2\/users\/301"}],"replies":[{"embeddable":true,"href":"https:\/\/madeiraisland.news\/index.php?rest_route=%2Fwp%2Fv2%2Fcomments&post=1208566"}],"version-history":[{"count":1,"href":"https:\/\/madeiraisland.news\/index.php?rest_route=\/wp\/v2\/posts\/1208566\/revisions"}],"predecessor-version":[{"id":1208567,"href":"https:\/\/madeiraisland.news\/index.php?rest_route=\/wp\/v2\/posts\/1208566\/revisions\/1208567"}],"wp:attachment":[{"href":"https:\/\/madeiraisland.news\/index.php?rest_route=%2Fwp%2Fv2%2Fmedia&parent=1208566"}],"wp:term":[{"taxonomy":"category","embeddable":true,"href":"https:\/\/madeiraisland.news\/index.php?rest_route=%2Fwp%2Fv2%2Fcategories&post=1208566"},{"taxonomy":"post_tag","embeddable":true,"href":"https:\/\/madeiraisland.news\/index.php?rest_route=%2Fwp%2Fv2%2Ftags&post=1208566"}],"curies":[{"name":"wp","href":"https:\/\/api.w.org\/{rel}","templated":true}]}}