{"id":1208562,"date":"2026-09-03T13:11:54","date_gmt":"2026-09-03T13:11:54","guid":{"rendered":"https:\/\/madeiraisland.news\/?p=1208562"},"modified":"2026-09-03T13:19:15","modified_gmt":"2026-09-03T13:19:15","slug":"madeira-acolhe-o-52-o-aniversario-do-estado-maior-general-das-forcas-armadas","status":"publish","type":"post","link":"https:\/\/madeiraisland.news\/?p=1208562","title":{"rendered":"Madeira acolhe o 52.\u00ba anivers\u00e1rio do Estado-Maior-General das For\u00e7as Armadas"},"content":{"rendered":"<p>O Estado-Maior-General das For\u00e7as Armadas (EMGFA) celebra hoje, 3 de setembro, o 52.\u00ba anivers\u00e1rio e assinala a data com o an\u00fancio do local escolhido para acolher as comemora\u00e7\u00f5es deste ano. De 2 a 4 de outubro, o Funchal, na Madeira, ser\u00e1 palco das comemora\u00e7\u00f5es, num evento que pretende refor\u00e7ar a liga\u00e7\u00e3o com a popula\u00e7\u00e3o madeirense [\u2026]<\/p>\n","protected":false},"excerpt":{"rendered":"<p>O Estado-Maior-General das For\u00e7as Armadas (EMGFA) celebra hoje, 3 de setembro, o 52.\u00ba anivers\u00e1rio e assinala a data com o &#8230; <\/p>\n<p class=\"read-more-container\"><a title=\"Madeira acolhe o 52.\u00ba anivers\u00e1rio do Estado-Maior-General das For\u00e7as Armadas\" class=\"read-more button\" href=\"https:\/\/madeiraisland.news\/?p=1208562#more-1208562\" aria-label=\"Read more about Madeira acolhe o 52.\u00ba anivers\u00e1rio do Estado-Maior-General das For\u00e7as Armadas\">Read more<\/a><\/p>\n","protected":false},"author":259,"featured_media":0,"comment_status":"open","ping_status":"","sticky":false,"template":"","format":"standard","meta":{"footnotes":""},"categories":[19],"tags":[],"class_list":["post-1208562","post","type-post","status-publish","format-standard","hentry","category-madeira-island-news","infinite-scroll-item","masonry-post","generate-columns","tablet-grid-50","mobile-grid-100","grid-parent","grid-33"],"_links":{"self":[{"href":"https:\/\/madeiraisland.news\/index.php?rest_route=\/wp\/v2\/posts\/1208562","targetHints":{"allow":["GET"]}}],"collection":[{"href":"https:\/\/madeiraisland.news\/index.php?rest_route=\/wp\/v2\/posts"}],"about":[{"href":"https:\/\/madeiraisland.news\/index.php?rest_route=\/wp\/v2\/types\/post"}],"author":[{"embeddable":true,"href":"https:\/\/madeiraisland.news\/index.php?rest_route=\/wp\/v2\/users\/259"}],"replies":[{"embeddable":true,"href":"https:\/\/madeiraisland.news\/index.php?rest_route=%2Fwp%2Fv2%2Fcomments&post=1208562"}],"version-history":[{"count":1,"href":"https:\/\/madeiraisland.news\/index.php?rest_route=\/wp\/v2\/posts\/1208562\/revisions"}],"predecessor-version":[{"id":1208563,"href":"https:\/\/madeiraisland.news\/index.php?rest_route=\/wp\/v2\/posts\/1208562\/revisions\/1208563"}],"wp:attachment":[{"href":"https:\/\/madeiraisland.news\/index.php?rest_route=%2Fwp%2Fv2%2Fmedia&parent=1208562"}],"wp:term":[{"taxonomy":"category","embeddable":true,"href":"https:\/\/madeiraisland.news\/index.php?rest_route=%2Fwp%2Fv2%2Fcategories&post=1208562"},{"taxonomy":"post_tag","embeddable":true,"href":"https:\/\/madeiraisland.news\/index.php?rest_route=%2Fwp%2Fv2%2Ftags&post=1208562"}],"curies":[{"name":"wp","href":"https:\/\/api.w.org\/{rel}","templated":true}]}}