{"id":1208558,"date":"2026-09-03T12:59:16","date_gmt":"2026-09-03T12:59:16","guid":{"rendered":"https:\/\/madeiraisland.news\/?p=1208558"},"modified":"2026-09-03T13:01:19","modified_gmt":"2026-09-03T13:01:19","slug":"sorcery-e-o-primeiro-veleiro-a-cortar-a-meta-da-xxiv-regata-internacional-canarias-madeira","status":"publish","type":"post","link":"https:\/\/madeiraisland.news\/?p=1208558","title":{"rendered":"Sorcery \u00e9 o primeiro veleiro a cortar a meta da XXIV Regata Internacional Can\u00e1rias \u2013 Madeira"},"content":{"rendered":"<p>O\u00a0Sorcery, de\u00a0Ant\u00f3nio Lu\u00eds Hern\u00e1ndez Manchado, foi o primeiro veleiro a cortar a linha de chegada da\u00a0XXIV Regata Internacional Can\u00e1rias \u2013 Madeira, confirmando a lideran\u00e7a na travessia entre o arquip\u00e9lago das Can\u00e1rias e a Madeira. A embarca\u00e7\u00e3o chegou \u00e0 Madeira esta quarta-feira,\u00a02 de setembro, \u00e0s 21h48m57s, depois de completar as\u00a0262 milhas n\u00e1uticas\u00a0que comp\u00f5em o percurso desta [\u2026]<\/p>\n","protected":false},"excerpt":{"rendered":"<p>O\u00a0Sorcery, de\u00a0Ant\u00f3nio Lu\u00eds Hern\u00e1ndez Manchado, foi o primeiro veleiro a cortar a linha de chegada da\u00a0XXIV Regata Internacional Can\u00e1rias \u2013 &#8230; <\/p>\n<p class=\"read-more-container\"><a title=\"Sorcery \u00e9 o primeiro veleiro a cortar a meta da XXIV Regata Internacional Can\u00e1rias \u2013 Madeira\" class=\"read-more button\" href=\"https:\/\/madeiraisland.news\/?p=1208558#more-1208558\" aria-label=\"Read more about Sorcery \u00e9 o primeiro veleiro a cortar a meta da XXIV Regata Internacional Can\u00e1rias \u2013 Madeira\">Read more<\/a><\/p>\n","protected":false},"author":259,"featured_media":0,"comment_status":"open","ping_status":"","sticky":false,"template":"","format":"standard","meta":{"footnotes":""},"categories":[19],"tags":[],"class_list":["post-1208558","post","type-post","status-publish","format-standard","hentry","category-madeira-island-news","infinite-scroll-item","masonry-post","generate-columns","tablet-grid-50","mobile-grid-100","grid-parent","grid-33"],"_links":{"self":[{"href":"https:\/\/madeiraisland.news\/index.php?rest_route=\/wp\/v2\/posts\/1208558","targetHints":{"allow":["GET"]}}],"collection":[{"href":"https:\/\/madeiraisland.news\/index.php?rest_route=\/wp\/v2\/posts"}],"about":[{"href":"https:\/\/madeiraisland.news\/index.php?rest_route=\/wp\/v2\/types\/post"}],"author":[{"embeddable":true,"href":"https:\/\/madeiraisland.news\/index.php?rest_route=\/wp\/v2\/users\/259"}],"replies":[{"embeddable":true,"href":"https:\/\/madeiraisland.news\/index.php?rest_route=%2Fwp%2Fv2%2Fcomments&post=1208558"}],"version-history":[{"count":1,"href":"https:\/\/madeiraisland.news\/index.php?rest_route=\/wp\/v2\/posts\/1208558\/revisions"}],"predecessor-version":[{"id":1208559,"href":"https:\/\/madeiraisland.news\/index.php?rest_route=\/wp\/v2\/posts\/1208558\/revisions\/1208559"}],"wp:attachment":[{"href":"https:\/\/madeiraisland.news\/index.php?rest_route=%2Fwp%2Fv2%2Fmedia&parent=1208558"}],"wp:term":[{"taxonomy":"category","embeddable":true,"href":"https:\/\/madeiraisland.news\/index.php?rest_route=%2Fwp%2Fv2%2Fcategories&post=1208558"},{"taxonomy":"post_tag","embeddable":true,"href":"https:\/\/madeiraisland.news\/index.php?rest_route=%2Fwp%2Fv2%2Ftags&post=1208558"}],"curies":[{"name":"wp","href":"https:\/\/api.w.org\/{rel}","templated":true}]}}