{"id":1208552,"date":"2026-09-03T10:46:55","date_gmt":"2026-09-03T10:46:55","guid":{"rendered":"https:\/\/madeiraisland.news\/?p=1208552"},"modified":"2026-09-03T11:00:41","modified_gmt":"2026-09-03T11:00:41","slug":"um-ano-apos-acidente-e-dia-de-homenagear-as-vitimas-do-elevador-da-gloria","status":"publish","type":"post","link":"https:\/\/madeiraisland.news\/?p=1208552","title":{"rendered":"Um ano ap\u00f3s acidente \u00e9 dia de homenagear as v\u00edtimas do elevador da Gl\u00f3ria"},"content":{"rendered":"<p>O\u00a0presidente da C\u00e2mara de Lisboa, Carlos Moedas, considerou que hoje \u00e9 dia para recordar as v\u00edtimas, em declara\u00e7\u00f5es ap\u00f3s a cerim\u00f3nia que assinalou um ano do descarrilamento do elevador da Gl\u00f3ria, que fez 16 mortos e 24 feridos.<br \/>\n&#8220;\u00c9 um dia para homenagear e mostrar a nossa solidariedade e \u00e9 tamb\u00e9m um dia de gratid\u00e3o. Homenagear aqueles que partiram, que j\u00e1 n\u00e3o est\u00e3o entre n\u00f3s, \u00e9 esse o nosso dever, da nossa mem\u00f3ria&#8221;, disse Carlos Moedas aos jornalistas, no final da cerim\u00f3nia.<br \/>\nPara o autarca, n\u00e3o s<\/p>\n","protected":false},"excerpt":{"rendered":"<p>O\u00a0presidente da C\u00e2mara de Lisboa, Carlos Moedas, considerou que hoje \u00e9 dia para recordar as v\u00edtimas, em declara\u00e7\u00f5es ap\u00f3s a cerim\u00f3nia que assinalou um ano do descarrilamento do elevador da Gl\u00f3ria, que fez 16 mortos<\/p>\n","protected":false},"author":5,"featured_media":0,"comment_status":"open","ping_status":"","sticky":false,"template":"","format":"standard","meta":{"footnotes":""},"categories":[19],"tags":[],"class_list":["post-1208552","post","type-post","status-publish","format-standard","hentry","category-madeira-island-news","infinite-scroll-item","masonry-post","generate-columns","tablet-grid-50","mobile-grid-100","grid-parent","grid-33"],"_links":{"self":[{"href":"https:\/\/madeiraisland.news\/index.php?rest_route=\/wp\/v2\/posts\/1208552","targetHints":{"allow":["GET"]}}],"collection":[{"href":"https:\/\/madeiraisland.news\/index.php?rest_route=\/wp\/v2\/posts"}],"about":[{"href":"https:\/\/madeiraisland.news\/index.php?rest_route=\/wp\/v2\/types\/post"}],"author":[{"embeddable":true,"href":"https:\/\/madeiraisland.news\/index.php?rest_route=\/wp\/v2\/users\/5"}],"replies":[{"embeddable":true,"href":"https:\/\/madeiraisland.news\/index.php?rest_route=%2Fwp%2Fv2%2Fcomments&post=1208552"}],"version-history":[{"count":2,"href":"https:\/\/madeiraisland.news\/index.php?rest_route=\/wp\/v2\/posts\/1208552\/revisions"}],"predecessor-version":[{"id":1208554,"href":"https:\/\/madeiraisland.news\/index.php?rest_route=\/wp\/v2\/posts\/1208552\/revisions\/1208554"}],"wp:attachment":[{"href":"https:\/\/madeiraisland.news\/index.php?rest_route=%2Fwp%2Fv2%2Fmedia&parent=1208552"}],"wp:term":[{"taxonomy":"category","embeddable":true,"href":"https:\/\/madeiraisland.news\/index.php?rest_route=%2Fwp%2Fv2%2Fcategories&post=1208552"},{"taxonomy":"post_tag","embeddable":true,"href":"https:\/\/madeiraisland.news\/index.php?rest_route=%2Fwp%2Fv2%2Ftags&post=1208552"}],"curies":[{"name":"wp","href":"https:\/\/api.w.org\/{rel}","templated":true}]}}