{"id":1208550,"date":"2026-09-03T09:30:36","date_gmt":"2026-09-03T09:30:36","guid":{"rendered":"https:\/\/madeiraisland.news\/?p=1208550"},"modified":"2026-09-03T09:57:34","modified_gmt":"2026-09-03T09:57:34","slug":"queda-na-varanda-mobiliza-bombeiros-na-travessa-costa-dias","status":"publish","type":"post","link":"https:\/\/madeiraisland.news\/?p=1208550","title":{"rendered":"Queda na varanda mobiliza bombeiros na Travessa Costa Dias"},"content":{"rendered":"<p>Os Bombeiros Volunt\u00e1rios Madeirenses foram accionados, h\u00e1 instantes, para a Travessa Costa Dias, no Funchal, para uma abertura de porta com socorro.<br \/>\nSegundo foi poss\u00edvel apurar, o alerta foi dado por um vizinho de uma mulher que ter\u00e1 sofrido uma queda na varanda da habita\u00e7\u00e3o, ficando sem conseguir mexer-se. Os bombeiros encontram-se no local a prestar assist\u00eancia \u00e0 v\u00edtima, estando previsto o seu transporte para uma unidade hospitalar.<br \/>\nA ocorr\u00eancia est\u00e1 a ser acompanhada pelos meios de socorro.<\/p>\n","protected":false},"excerpt":{"rendered":"<p>Os Bombeiros Volunt\u00e1rios Madeirenses foram accionados, h\u00e1 instantes, para a Travessa Costa Dias, no Funchal, para uma abertura de porta &#8230; <\/p>\n<p class=\"read-more-container\"><a title=\"Queda na varanda mobiliza bombeiros na Travessa Costa Dias\" class=\"read-more button\" href=\"https:\/\/madeiraisland.news\/?p=1208550#more-1208550\" aria-label=\"Read more about Queda na varanda mobiliza bombeiros na Travessa Costa Dias\">Read more<\/a><\/p>\n","protected":false},"author":301,"featured_media":0,"comment_status":"open","ping_status":"","sticky":false,"template":"","format":"standard","meta":{"footnotes":""},"categories":[19],"tags":[],"class_list":["post-1208550","post","type-post","status-publish","format-standard","hentry","category-madeira-island-news","infinite-scroll-item","masonry-post","generate-columns","tablet-grid-50","mobile-grid-100","grid-parent","grid-33"],"_links":{"self":[{"href":"https:\/\/madeiraisland.news\/index.php?rest_route=\/wp\/v2\/posts\/1208550","targetHints":{"allow":["GET"]}}],"collection":[{"href":"https:\/\/madeiraisland.news\/index.php?rest_route=\/wp\/v2\/posts"}],"about":[{"href":"https:\/\/madeiraisland.news\/index.php?rest_route=\/wp\/v2\/types\/post"}],"author":[{"embeddable":true,"href":"https:\/\/madeiraisland.news\/index.php?rest_route=\/wp\/v2\/users\/301"}],"replies":[{"embeddable":true,"href":"https:\/\/madeiraisland.news\/index.php?rest_route=%2Fwp%2Fv2%2Fcomments&post=1208550"}],"version-history":[{"count":1,"href":"https:\/\/madeiraisland.news\/index.php?rest_route=\/wp\/v2\/posts\/1208550\/revisions"}],"predecessor-version":[{"id":1208551,"href":"https:\/\/madeiraisland.news\/index.php?rest_route=\/wp\/v2\/posts\/1208550\/revisions\/1208551"}],"wp:attachment":[{"href":"https:\/\/madeiraisland.news\/index.php?rest_route=%2Fwp%2Fv2%2Fmedia&parent=1208550"}],"wp:term":[{"taxonomy":"category","embeddable":true,"href":"https:\/\/madeiraisland.news\/index.php?rest_route=%2Fwp%2Fv2%2Fcategories&post=1208550"},{"taxonomy":"post_tag","embeddable":true,"href":"https:\/\/madeiraisland.news\/index.php?rest_route=%2Fwp%2Fv2%2Ftags&post=1208550"}],"curies":[{"name":"wp","href":"https:\/\/api.w.org\/{rel}","templated":true}]}}