{"id":1208548,"date":"2026-09-03T09:24:44","date_gmt":"2026-09-03T09:24:44","guid":{"rendered":"https:\/\/madeiraisland.news\/?p=1208548"},"modified":"2026-09-03T09:31:31","modified_gmt":"2026-09-03T09:31:31","slug":"acidente-na-rua-5-de-outubro-provoca-dois-feridos","status":"publish","type":"post","link":"https:\/\/madeiraisland.news\/?p=1208548","title":{"rendered":"Acidente na Rua 5 de Outubro provoca dois feridos"},"content":{"rendered":"<p>O acidente rodovi\u00e1rio que ocorreu, esta manh\u00e3, na Rua 5 de Outubro, no Funchal, provocou pelo menos dois feridos.<br \/>\nOs Bombeiros Volunt\u00e1rios Madeirenses transportaram para o hospital um homem, na casa dos 60 anos, que apresentava dores cervicais. Segundo o que o DI\u00c1RIO apurou, o outro ferido foi tamb\u00e9m transportado para uma unidade hospitalar, neste caso por outra corpora\u00e7\u00e3o de bombeiros.<br \/>\nO acidente envolveu pelo menos tr\u00eas viaturas e continua a provocar constrangimentos na circula\u00e7\u00e3o naquela art\u00e9<\/p>\n","protected":false},"excerpt":{"rendered":"<p>O acidente rodovi\u00e1rio que ocorreu, esta manh\u00e3, na Rua 5 de Outubro, no Funchal, provocou pelo menos dois feridos. Os &#8230; <\/p>\n<p class=\"read-more-container\"><a title=\"Acidente na Rua 5 de Outubro provoca dois feridos\" class=\"read-more button\" href=\"https:\/\/madeiraisland.news\/?p=1208548#more-1208548\" aria-label=\"Read more about Acidente na Rua 5 de Outubro provoca dois feridos\">Read more<\/a><\/p>\n","protected":false},"author":301,"featured_media":0,"comment_status":"open","ping_status":"","sticky":false,"template":"","format":"standard","meta":{"footnotes":""},"categories":[19],"tags":[],"class_list":["post-1208548","post","type-post","status-publish","format-standard","hentry","category-madeira-island-news","infinite-scroll-item","masonry-post","generate-columns","tablet-grid-50","mobile-grid-100","grid-parent","grid-33"],"_links":{"self":[{"href":"https:\/\/madeiraisland.news\/index.php?rest_route=\/wp\/v2\/posts\/1208548","targetHints":{"allow":["GET"]}}],"collection":[{"href":"https:\/\/madeiraisland.news\/index.php?rest_route=\/wp\/v2\/posts"}],"about":[{"href":"https:\/\/madeiraisland.news\/index.php?rest_route=\/wp\/v2\/types\/post"}],"author":[{"embeddable":true,"href":"https:\/\/madeiraisland.news\/index.php?rest_route=\/wp\/v2\/users\/301"}],"replies":[{"embeddable":true,"href":"https:\/\/madeiraisland.news\/index.php?rest_route=%2Fwp%2Fv2%2Fcomments&post=1208548"}],"version-history":[{"count":1,"href":"https:\/\/madeiraisland.news\/index.php?rest_route=\/wp\/v2\/posts\/1208548\/revisions"}],"predecessor-version":[{"id":1208549,"href":"https:\/\/madeiraisland.news\/index.php?rest_route=\/wp\/v2\/posts\/1208548\/revisions\/1208549"}],"wp:attachment":[{"href":"https:\/\/madeiraisland.news\/index.php?rest_route=%2Fwp%2Fv2%2Fmedia&parent=1208548"}],"wp:term":[{"taxonomy":"category","embeddable":true,"href":"https:\/\/madeiraisland.news\/index.php?rest_route=%2Fwp%2Fv2%2Fcategories&post=1208548"},{"taxonomy":"post_tag","embeddable":true,"href":"https:\/\/madeiraisland.news\/index.php?rest_route=%2Fwp%2Fv2%2Ftags&post=1208548"}],"curies":[{"name":"wp","href":"https:\/\/api.w.org\/{rel}","templated":true}]}}