{"id":1208546,"date":"2026-09-03T08:52:48","date_gmt":"2026-09-03T08:52:48","guid":{"rendered":"https:\/\/madeiraisland.news\/?p=1208546"},"modified":"2026-09-03T09:00:18","modified_gmt":"2026-09-03T09:00:18","slug":"violencia-domestica-termina-a-facada-no-jardim-da-serra","status":"publish","type":"post","link":"https:\/\/madeiraisland.news\/?p=1208546","title":{"rendered":"Viol\u00eancia dom\u00e9stica termina \u00e0 facada no Jardim da Serra"},"content":{"rendered":"<p>A Pol\u00edcia de Seguran\u00e7a P\u00fablica (PSP) est\u00e1 a investigar uma agress\u00e3o com recurso a arma branca, ocorrida na noite desta quarta-feira, no Jardim da Serra, em contexto de viol\u00eancia dom\u00e9stica.<br \/>\nO alerta foi dado por vizinhos, que ter\u00e3o ficado assustados com uma acesa discuss\u00e3o entre um casal, durante a qual ter\u00e3o ocorrido insultos e agress\u00f5es. Segundo os relatos recolhidos no local, a mulher ter\u00e1 empunhado uma arma branca para se defender, acabando por atingir o companheiro com um golpe nas costas.<br \/>\nQ<\/p>\n","protected":false},"excerpt":{"rendered":"<p>A Pol\u00edcia de Seguran\u00e7a P\u00fablica (PSP) est\u00e1 a investigar uma agress\u00e3o com recurso a arma branca, ocorrida na noite desta &#8230; <\/p>\n<p class=\"read-more-container\"><a title=\"Viol\u00eancia dom\u00e9stica termina \u00e0 facada no Jardim da Serra\" class=\"read-more button\" href=\"https:\/\/madeiraisland.news\/?p=1208546#more-1208546\" aria-label=\"Read more about Viol\u00eancia dom\u00e9stica termina \u00e0 facada no Jardim da Serra\">Read more<\/a><\/p>\n","protected":false},"author":48,"featured_media":0,"comment_status":"open","ping_status":"","sticky":false,"template":"","format":"standard","meta":{"footnotes":""},"categories":[19],"tags":[],"class_list":["post-1208546","post","type-post","status-publish","format-standard","hentry","category-madeira-island-news","infinite-scroll-item","masonry-post","generate-columns","tablet-grid-50","mobile-grid-100","grid-parent","grid-33"],"_links":{"self":[{"href":"https:\/\/madeiraisland.news\/index.php?rest_route=\/wp\/v2\/posts\/1208546","targetHints":{"allow":["GET"]}}],"collection":[{"href":"https:\/\/madeiraisland.news\/index.php?rest_route=\/wp\/v2\/posts"}],"about":[{"href":"https:\/\/madeiraisland.news\/index.php?rest_route=\/wp\/v2\/types\/post"}],"author":[{"embeddable":true,"href":"https:\/\/madeiraisland.news\/index.php?rest_route=\/wp\/v2\/users\/48"}],"replies":[{"embeddable":true,"href":"https:\/\/madeiraisland.news\/index.php?rest_route=%2Fwp%2Fv2%2Fcomments&post=1208546"}],"version-history":[{"count":1,"href":"https:\/\/madeiraisland.news\/index.php?rest_route=\/wp\/v2\/posts\/1208546\/revisions"}],"predecessor-version":[{"id":1208547,"href":"https:\/\/madeiraisland.news\/index.php?rest_route=\/wp\/v2\/posts\/1208546\/revisions\/1208547"}],"wp:attachment":[{"href":"https:\/\/madeiraisland.news\/index.php?rest_route=%2Fwp%2Fv2%2Fmedia&parent=1208546"}],"wp:term":[{"taxonomy":"category","embeddable":true,"href":"https:\/\/madeiraisland.news\/index.php?rest_route=%2Fwp%2Fv2%2Fcategories&post=1208546"},{"taxonomy":"post_tag","embeddable":true,"href":"https:\/\/madeiraisland.news\/index.php?rest_route=%2Fwp%2Fv2%2Ftags&post=1208546"}],"curies":[{"name":"wp","href":"https:\/\/api.w.org\/{rel}","templated":true}]}}