{"id":1208543,"date":"2026-09-03T08:10:37","date_gmt":"2026-09-03T08:10:37","guid":{"rendered":"https:\/\/madeiraisland.news\/?p=1208543"},"modified":"2026-09-03T08:16:54","modified_gmt":"2026-09-03T08:16:54","slug":"epoca-especial-de-exames-do-ensino-secundario-comeca-hoje","status":"publish","type":"post","link":"https:\/\/madeiraisland.news\/?p=1208543","title":{"rendered":"\u00c9poca especial de exames do ensino secund\u00e1rio come\u00e7a hoje"},"content":{"rendered":"<p>A \u00e9poca especial de exames do ensino secund\u00e1rio come\u00e7a hoje com mais de 43.000 inscritos, estando aberta a todos os alunos eleg\u00edveis para as provas da 2.\u00aa fase, independentemente de as terem realizado ou n\u00e3o.<br \/>\nPara concorrer \u00e0 segunda fase do concurso de acesso ao ensino superior, os alunos que realizaram as provas na 2.\u00aa fase, em julho, assim como na \u00e9poca especial beneficiar\u00e3o da melhor classifica\u00e7\u00e3o obtida entre as duas, segundo um comunicado do Minist\u00e9rio da Educa\u00e7\u00e3o, Ci\u00eancia e Inova\u00e7\u00e3o (MECI<\/p>\n","protected":false},"excerpt":{"rendered":"<p>A \u00e9poca especial de exames do ensino secund\u00e1rio come\u00e7a hoje com mais de 43.000 inscritos, estando aberta a todos os alunos eleg\u00edveis para as provas da 2.\u00aa fase, independentemente de as terem realizado ou n\u00e3o.<\/p>\n","protected":false},"author":5,"featured_media":0,"comment_status":"open","ping_status":"","sticky":false,"template":"","format":"standard","meta":{"footnotes":""},"categories":[19],"tags":[],"class_list":["post-1208543","post","type-post","status-publish","format-standard","hentry","category-madeira-island-news","infinite-scroll-item","masonry-post","generate-columns","tablet-grid-50","mobile-grid-100","grid-parent","grid-33"],"_links":{"self":[{"href":"https:\/\/madeiraisland.news\/index.php?rest_route=\/wp\/v2\/posts\/1208543","targetHints":{"allow":["GET"]}}],"collection":[{"href":"https:\/\/madeiraisland.news\/index.php?rest_route=\/wp\/v2\/posts"}],"about":[{"href":"https:\/\/madeiraisland.news\/index.php?rest_route=\/wp\/v2\/types\/post"}],"author":[{"embeddable":true,"href":"https:\/\/madeiraisland.news\/index.php?rest_route=\/wp\/v2\/users\/5"}],"replies":[{"embeddable":true,"href":"https:\/\/madeiraisland.news\/index.php?rest_route=%2Fwp%2Fv2%2Fcomments&post=1208543"}],"version-history":[{"count":2,"href":"https:\/\/madeiraisland.news\/index.php?rest_route=\/wp\/v2\/posts\/1208543\/revisions"}],"predecessor-version":[{"id":1208545,"href":"https:\/\/madeiraisland.news\/index.php?rest_route=\/wp\/v2\/posts\/1208543\/revisions\/1208545"}],"wp:attachment":[{"href":"https:\/\/madeiraisland.news\/index.php?rest_route=%2Fwp%2Fv2%2Fmedia&parent=1208543"}],"wp:term":[{"taxonomy":"category","embeddable":true,"href":"https:\/\/madeiraisland.news\/index.php?rest_route=%2Fwp%2Fv2%2Fcategories&post=1208543"},{"taxonomy":"post_tag","embeddable":true,"href":"https:\/\/madeiraisland.news\/index.php?rest_route=%2Fwp%2Fv2%2Ftags&post=1208543"}],"curies":[{"name":"wp","href":"https:\/\/api.w.org\/{rel}","templated":true}]}}