{"id":1208540,"date":"2026-09-03T07:33:48","date_gmt":"2026-09-03T07:33:48","guid":{"rendered":"https:\/\/madeiraisland.news\/?p=1208540"},"modified":"2026-09-03T07:49:25","modified_gmt":"2026-09-03T07:49:25","slug":"politica-nacional-em-destaque-em-varios-jornais","status":"publish","type":"post","link":"https:\/\/madeiraisland.news\/?p=1208540","title":{"rendered":"Pol\u00edtica nacional em destaque em v\u00e1rios jornais"},"content":{"rendered":"<p>A pol\u00edtica nacional est\u00e1 hoje em destaque em v\u00e1rios jornais. O P\u00fablico abre com uma queixa de ass\u00e9dio laboral contra um alto dirigente que est\u00e1 a causar agita\u00e7\u00e3o no Parlamento, tema que tamb\u00e9m surge na Vis\u00e3o, que fala em \u201cqueixas de medo e ass\u00e9dio na casa da democracia\u201d.<br \/>\nA outra frente pol\u00edtica \u00e9 a mo\u00e7\u00e3o de censura anunciada pelo Chega contra o Governo. O Di\u00e1rio de Not\u00edcias escreve que Andr\u00e9 Ventura avan\u00e7a \u201ccom Montenegro e PS na mira\u201d, enquanto o Correio da Manh\u00e3 destaca que o Chega apresenta a<\/p>\n","protected":false},"excerpt":{"rendered":"<p>A pol\u00edtica nacional est\u00e1 hoje em destaque em v\u00e1rios jornais. O P\u00fablico abre com uma queixa de ass\u00e9dio laboral contra um alto dirigente que est\u00e1 a causar agita\u00e7\u00e3o no Parlamento, tema que tamb\u00e9m surge na<\/p>\n","protected":false},"author":5,"featured_media":0,"comment_status":"open","ping_status":"","sticky":false,"template":"","format":"standard","meta":{"footnotes":""},"categories":[19],"tags":[],"class_list":["post-1208540","post","type-post","status-publish","format-standard","hentry","category-madeira-island-news","infinite-scroll-item","masonry-post","generate-columns","tablet-grid-50","mobile-grid-100","grid-parent","grid-33"],"_links":{"self":[{"href":"https:\/\/madeiraisland.news\/index.php?rest_route=\/wp\/v2\/posts\/1208540","targetHints":{"allow":["GET"]}}],"collection":[{"href":"https:\/\/madeiraisland.news\/index.php?rest_route=\/wp\/v2\/posts"}],"about":[{"href":"https:\/\/madeiraisland.news\/index.php?rest_route=\/wp\/v2\/types\/post"}],"author":[{"embeddable":true,"href":"https:\/\/madeiraisland.news\/index.php?rest_route=\/wp\/v2\/users\/5"}],"replies":[{"embeddable":true,"href":"https:\/\/madeiraisland.news\/index.php?rest_route=%2Fwp%2Fv2%2Fcomments&post=1208540"}],"version-history":[{"count":2,"href":"https:\/\/madeiraisland.news\/index.php?rest_route=\/wp\/v2\/posts\/1208540\/revisions"}],"predecessor-version":[{"id":1208542,"href":"https:\/\/madeiraisland.news\/index.php?rest_route=\/wp\/v2\/posts\/1208540\/revisions\/1208542"}],"wp:attachment":[{"href":"https:\/\/madeiraisland.news\/index.php?rest_route=%2Fwp%2Fv2%2Fmedia&parent=1208540"}],"wp:term":[{"taxonomy":"category","embeddable":true,"href":"https:\/\/madeiraisland.news\/index.php?rest_route=%2Fwp%2Fv2%2Fcategories&post=1208540"},{"taxonomy":"post_tag","embeddable":true,"href":"https:\/\/madeiraisland.news\/index.php?rest_route=%2Fwp%2Fv2%2Ftags&post=1208540"}],"curies":[{"name":"wp","href":"https:\/\/api.w.org\/{rel}","templated":true}]}}