{"id":1208533,"date":"2026-09-03T07:01:29","date_gmt":"2026-09-03T07:01:29","guid":{"rendered":"https:\/\/madeiraisland.news\/?p=1208533"},"modified":"2026-09-03T07:15:04","modified_gmt":"2026-09-03T07:15:04","slug":"preco-do-leite-para-os-consumidores-cai-2-centimos-desde-janeiro","status":"publish","type":"post","link":"https:\/\/madeiraisland.news\/?p=1208533","title":{"rendered":"Pre\u00e7o do leite para os consumidores cai 2 c\u00eantimos desde Janeiro"},"content":{"rendered":"<p>Os consumidores est\u00e3o a pagar menos dois c\u00eantimos por um litro de leite meio gordo, que, em m\u00e9dia, atingiu, em julho, 0,89 euros, segundo dados do Observat\u00f3rio de Pre\u00e7os.<br \/>\nEm 26 de janeiro, um litro de leite custava cerca de 0,91 euros, mais dois c\u00eantimos do que o pre\u00e7o m\u00e9dio praticado no m\u00eas de julho.<br \/>\nEntre janeiro e fevereiro o valor cobrado por um litro de leite manteve-se est\u00e1vel caindo, em mar\u00e7o, para os 0,89 euros, patamar onde ficou por mais dois meses.<br \/>\nEm junho teve uma subida para os<\/p>\n","protected":false},"excerpt":{"rendered":"<p>Os consumidores est\u00e3o a pagar menos dois c\u00eantimos por um litro de leite meio gordo, que, em m\u00e9dia, atingiu, em julho, 0,89 euros, segundo dados do Observat\u00f3rio de Pre\u00e7os. Em 26 de janeiro, um litro<\/p>\n","protected":false},"author":5,"featured_media":0,"comment_status":"open","ping_status":"","sticky":false,"template":"","format":"standard","meta":{"footnotes":""},"categories":[19],"tags":[],"class_list":["post-1208533","post","type-post","status-publish","format-standard","hentry","category-madeira-island-news","infinite-scroll-item","masonry-post","generate-columns","tablet-grid-50","mobile-grid-100","grid-parent","grid-33"],"_links":{"self":[{"href":"https:\/\/madeiraisland.news\/index.php?rest_route=\/wp\/v2\/posts\/1208533","targetHints":{"allow":["GET"]}}],"collection":[{"href":"https:\/\/madeiraisland.news\/index.php?rest_route=\/wp\/v2\/posts"}],"about":[{"href":"https:\/\/madeiraisland.news\/index.php?rest_route=\/wp\/v2\/types\/post"}],"author":[{"embeddable":true,"href":"https:\/\/madeiraisland.news\/index.php?rest_route=\/wp\/v2\/users\/5"}],"replies":[{"embeddable":true,"href":"https:\/\/madeiraisland.news\/index.php?rest_route=%2Fwp%2Fv2%2Fcomments&post=1208533"}],"version-history":[{"count":2,"href":"https:\/\/madeiraisland.news\/index.php?rest_route=\/wp\/v2\/posts\/1208533\/revisions"}],"predecessor-version":[{"id":1208535,"href":"https:\/\/madeiraisland.news\/index.php?rest_route=\/wp\/v2\/posts\/1208533\/revisions\/1208535"}],"wp:attachment":[{"href":"https:\/\/madeiraisland.news\/index.php?rest_route=%2Fwp%2Fv2%2Fmedia&parent=1208533"}],"wp:term":[{"taxonomy":"category","embeddable":true,"href":"https:\/\/madeiraisland.news\/index.php?rest_route=%2Fwp%2Fv2%2Fcategories&post=1208533"},{"taxonomy":"post_tag","embeddable":true,"href":"https:\/\/madeiraisland.news\/index.php?rest_route=%2Fwp%2Fv2%2Ftags&post=1208533"}],"curies":[{"name":"wp","href":"https:\/\/api.w.org\/{rel}","templated":true}]}}