{"id":1208517,"date":"2026-09-02T22:45:56","date_gmt":"2026-09-02T22:45:56","guid":{"rendered":"https:\/\/madeiraisland.news\/?p=1208517"},"modified":"2026-09-02T23:00:48","modified_gmt":"2026-09-02T23:00:48","slug":"hugo-soares-considera-mocao-do-chega-ridicula-e-nao-acredita-que-pr-envie-recados-por-amigos","status":"publish","type":"post","link":"https:\/\/madeiraisland.news\/?p=1208517","title":{"rendered":"Hugo Soares considera mo\u00e7\u00e3o do Chega rid\u00edcula e n\u00e3o acredita que PR envie &#8220;recados por amigos&#8221;"},"content":{"rendered":"<p>O l\u00edder parlamentar do PSD classificou hoje como rid\u00edcula a mo\u00e7\u00e3o do Chega ao Governo e disse n\u00e3o acreditar que o Presidente da Rep\u00fablica envie &#8220;recados por amigos&#8221; ao Governo, revelando que votou em Ant\u00f3nio Jos\u00e9 Seguro nas presidenciais.<br \/>\nEm entrevista \u00e0 SIC-Not\u00edcias no dia em que o Chega apresentou uma mo\u00e7\u00e3o de censura ao Governo devido \u00e0s pol\u00e9micas que envolvem o ministro da Administra\u00e7\u00e3o Interna, Lu\u00eds Neves, Hugo Soares considerou que o Chega tem como objetivo &#8220;derrubar o Governo e provocar e<\/p>\n","protected":false},"excerpt":{"rendered":"<p>O l\u00edder parlamentar do PSD classificou hoje como rid\u00edcula a mo\u00e7\u00e3o do Chega ao Governo e disse n\u00e3o acreditar que o Presidente da Rep\u00fablica envie &#8220;recados por amigos&#8221; ao Governo, revelando que votou em Ant\u00f3nio<\/p>\n","protected":false},"author":5,"featured_media":0,"comment_status":"open","ping_status":"","sticky":false,"template":"","format":"standard","meta":{"footnotes":""},"categories":[19],"tags":[],"class_list":["post-1208517","post","type-post","status-publish","format-standard","hentry","category-madeira-island-news","infinite-scroll-item","masonry-post","generate-columns","tablet-grid-50","mobile-grid-100","grid-parent","grid-33"],"_links":{"self":[{"href":"https:\/\/madeiraisland.news\/index.php?rest_route=\/wp\/v2\/posts\/1208517","targetHints":{"allow":["GET"]}}],"collection":[{"href":"https:\/\/madeiraisland.news\/index.php?rest_route=\/wp\/v2\/posts"}],"about":[{"href":"https:\/\/madeiraisland.news\/index.php?rest_route=\/wp\/v2\/types\/post"}],"author":[{"embeddable":true,"href":"https:\/\/madeiraisland.news\/index.php?rest_route=\/wp\/v2\/users\/5"}],"replies":[{"embeddable":true,"href":"https:\/\/madeiraisland.news\/index.php?rest_route=%2Fwp%2Fv2%2Fcomments&post=1208517"}],"version-history":[{"count":2,"href":"https:\/\/madeiraisland.news\/index.php?rest_route=\/wp\/v2\/posts\/1208517\/revisions"}],"predecessor-version":[{"id":1208519,"href":"https:\/\/madeiraisland.news\/index.php?rest_route=\/wp\/v2\/posts\/1208517\/revisions\/1208519"}],"wp:attachment":[{"href":"https:\/\/madeiraisland.news\/index.php?rest_route=%2Fwp%2Fv2%2Fmedia&parent=1208517"}],"wp:term":[{"taxonomy":"category","embeddable":true,"href":"https:\/\/madeiraisland.news\/index.php?rest_route=%2Fwp%2Fv2%2Fcategories&post=1208517"},{"taxonomy":"post_tag","embeddable":true,"href":"https:\/\/madeiraisland.news\/index.php?rest_route=%2Fwp%2Fv2%2Ftags&post=1208517"}],"curies":[{"name":"wp","href":"https:\/\/api.w.org\/{rel}","templated":true}]}}