{"id":1208511,"date":"2026-09-02T21:05:44","date_gmt":"2026-09-02T21:05:44","guid":{"rendered":"https:\/\/madeiraisland.news\/?p=1208511"},"modified":"2026-09-02T21:21:46","modified_gmt":"2026-09-02T21:21:46","slug":"aguiar-branco-remete-para-lideres-parlamentares-se-mocao-de-censura-e-debatida-a-10-ou-17-de-setembro","status":"publish","type":"post","link":"https:\/\/madeiraisland.news\/?p=1208511","title":{"rendered":"Aguiar-Branco remete para l\u00edderes parlamentares se mo\u00e7\u00e3o de censura \u00e9 debatida a 10 ou 17 de Setembro"},"content":{"rendered":"<p>A confer\u00eancia de l\u00edderes parlamentares vai decidir na quinta-feira se o debate da mo\u00e7\u00e3o de censura do Chega ao Governo se realiza a 10 ou 17 de setembro, segundo um despacho do presidente da Assembleia da Rep\u00fablica.<br \/>\nO despacho de Jos\u00e9 Pedro Aguiar-Branco, a que a Lusa teve acesso, foi enviado a todos os partidos com assento parlamentar e confirma a convoca\u00e7\u00e3o de uma confer\u00eancia de l\u00edderes extraordin\u00e1ria para as 15:30 de quinta-feira para decidir a data do debate da mo\u00e7\u00e3o de censura entregue hoje<\/p>\n","protected":false},"excerpt":{"rendered":"<p>A confer\u00eancia de l\u00edderes parlamentares vai decidir na quinta-feira se o debate da mo\u00e7\u00e3o de censura do Chega ao Governo se realiza a 10 ou 17 de setembro, segundo um despacho do presidente da Assembleia<\/p>\n","protected":false},"author":5,"featured_media":0,"comment_status":"open","ping_status":"","sticky":false,"template":"","format":"standard","meta":{"footnotes":""},"categories":[19],"tags":[],"class_list":["post-1208511","post","type-post","status-publish","format-standard","hentry","category-madeira-island-news","infinite-scroll-item","masonry-post","generate-columns","tablet-grid-50","mobile-grid-100","grid-parent","grid-33"],"_links":{"self":[{"href":"https:\/\/madeiraisland.news\/index.php?rest_route=\/wp\/v2\/posts\/1208511","targetHints":{"allow":["GET"]}}],"collection":[{"href":"https:\/\/madeiraisland.news\/index.php?rest_route=\/wp\/v2\/posts"}],"about":[{"href":"https:\/\/madeiraisland.news\/index.php?rest_route=\/wp\/v2\/types\/post"}],"author":[{"embeddable":true,"href":"https:\/\/madeiraisland.news\/index.php?rest_route=\/wp\/v2\/users\/5"}],"replies":[{"embeddable":true,"href":"https:\/\/madeiraisland.news\/index.php?rest_route=%2Fwp%2Fv2%2Fcomments&post=1208511"}],"version-history":[{"count":2,"href":"https:\/\/madeiraisland.news\/index.php?rest_route=\/wp\/v2\/posts\/1208511\/revisions"}],"predecessor-version":[{"id":1208513,"href":"https:\/\/madeiraisland.news\/index.php?rest_route=\/wp\/v2\/posts\/1208511\/revisions\/1208513"}],"wp:attachment":[{"href":"https:\/\/madeiraisland.news\/index.php?rest_route=%2Fwp%2Fv2%2Fmedia&parent=1208511"}],"wp:term":[{"taxonomy":"category","embeddable":true,"href":"https:\/\/madeiraisland.news\/index.php?rest_route=%2Fwp%2Fv2%2Fcategories&post=1208511"},{"taxonomy":"post_tag","embeddable":true,"href":"https:\/\/madeiraisland.news\/index.php?rest_route=%2Fwp%2Fv2%2Ftags&post=1208511"}],"curies":[{"name":"wp","href":"https:\/\/api.w.org\/{rel}","templated":true}]}}