{"id":1208506,"date":"2026-09-02T19:11:42","date_gmt":"2026-09-02T19:11:42","guid":{"rendered":"https:\/\/madeiraisland.news\/?p=1208506"},"modified":"2026-09-02T19:20:11","modified_gmt":"2026-09-02T19:20:11","slug":"mocao-de-censura-do-cds-pp-ao-governo-em-1994-so-foi-debatida-depois-das-ferias-parlamentares","status":"publish","type":"post","link":"https:\/\/madeiraisland.news\/?p=1208506","title":{"rendered":"Mo\u00e7\u00e3o de censura do CDS-PP ao Governo em 1994 s\u00f3 foi debatida depois das f\u00e9rias parlamentares"},"content":{"rendered":"<p>Em 1994, uma mo\u00e7\u00e3o de censura ao Governo apresentada pelo CDS-PP s\u00f3 foi debatida depois de terminado o per\u00edodo de f\u00e9rias parlamentares, com base num parecer da Comiss\u00e3o de Assuntos Constitucionais.<br \/>\nDesde ent\u00e3o, nenhum partido voltou a apresentar uma mo\u00e7\u00e3o de censura no decurso de f\u00e9rias parlamentares &#8212; at\u00e9 hoje, dia em que o Chega entregou na Assembleia da Rep\u00fablica uma iniciativa para censurar o Governo PSD\/CDS-PP chefiado por Lu\u00eds Montenegro, por causa das pol\u00e9micas em que est\u00e1 envolvido o mi<\/p>\n","protected":false},"excerpt":{"rendered":"<p>Em 1994, uma mo\u00e7\u00e3o de censura ao Governo apresentada pelo CDS-PP s\u00f3 foi debatida depois de terminado o per\u00edodo de f\u00e9rias parlamentares, com base num parecer da Comiss\u00e3o de Assuntos Constitucionais. Desde ent\u00e3o, nenhum partido<\/p>\n","protected":false},"author":5,"featured_media":0,"comment_status":"open","ping_status":"","sticky":false,"template":"","format":"standard","meta":{"footnotes":""},"categories":[19],"tags":[],"class_list":["post-1208506","post","type-post","status-publish","format-standard","hentry","category-madeira-island-news","infinite-scroll-item","masonry-post","generate-columns","tablet-grid-50","mobile-grid-100","grid-parent","grid-33"],"_links":{"self":[{"href":"https:\/\/madeiraisland.news\/index.php?rest_route=\/wp\/v2\/posts\/1208506","targetHints":{"allow":["GET"]}}],"collection":[{"href":"https:\/\/madeiraisland.news\/index.php?rest_route=\/wp\/v2\/posts"}],"about":[{"href":"https:\/\/madeiraisland.news\/index.php?rest_route=\/wp\/v2\/types\/post"}],"author":[{"embeddable":true,"href":"https:\/\/madeiraisland.news\/index.php?rest_route=\/wp\/v2\/users\/5"}],"replies":[{"embeddable":true,"href":"https:\/\/madeiraisland.news\/index.php?rest_route=%2Fwp%2Fv2%2Fcomments&post=1208506"}],"version-history":[{"count":2,"href":"https:\/\/madeiraisland.news\/index.php?rest_route=\/wp\/v2\/posts\/1208506\/revisions"}],"predecessor-version":[{"id":1208508,"href":"https:\/\/madeiraisland.news\/index.php?rest_route=\/wp\/v2\/posts\/1208506\/revisions\/1208508"}],"wp:attachment":[{"href":"https:\/\/madeiraisland.news\/index.php?rest_route=%2Fwp%2Fv2%2Fmedia&parent=1208506"}],"wp:term":[{"taxonomy":"category","embeddable":true,"href":"https:\/\/madeiraisland.news\/index.php?rest_route=%2Fwp%2Fv2%2Fcategories&post=1208506"},{"taxonomy":"post_tag","embeddable":true,"href":"https:\/\/madeiraisland.news\/index.php?rest_route=%2Fwp%2Fv2%2Ftags&post=1208506"}],"curies":[{"name":"wp","href":"https:\/\/api.w.org\/{rel}","templated":true}]}}