{"id":1208504,"date":"2026-09-02T19:08:02","date_gmt":"2026-09-02T19:08:02","guid":{"rendered":"https:\/\/madeiraisland.news\/?p=1208504"},"modified":"2026-09-02T19:20:09","modified_gmt":"2026-09-02T19:20:09","slug":"queda-de-pedras-de-grandes-dimensoes-na-eira-do-serrado","status":"publish","type":"post","link":"https:\/\/madeiraisland.news\/?p=1208504","title":{"rendered":"Queda de pedras de grandes dimens\u00f5es na Eira do Serrado"},"content":{"rendered":"<p>Uma queda de pedras de grandes dimens\u00f5es ocorreu, esta tarde, na Estrada da Eira do Serrado, no concelho de C\u00e2mara de Lobos.<br \/>\nNas fotografias enviadas ao DI\u00c1RIO \u00e9 poss\u00edvel observar um autom\u00f3vel e algumas pessoas parados a uma dist\u00e2ncia consider\u00e1vel do local onde ocorreu a queda. Testemunhas no local indicam que as pedras n\u00e3o ter\u00e3o atingido pessoas ou ve\u00edculos.<br \/>\nO DI\u00c1RIO contactou os Bombeiros Volunt\u00e1rios de C\u00e2mara de Lobos com o objectivo de apurar se tinha sido registada alguma ocorr\u00eancia relacio<\/p>\n","protected":false},"excerpt":{"rendered":"<p>Uma queda de pedras de grandes dimens\u00f5es ocorreu, esta tarde, na Estrada da Eira do Serrado, no concelho de C\u00e2mara &#8230; <\/p>\n<p class=\"read-more-container\"><a title=\"Queda de pedras de grandes dimens\u00f5es na Eira do Serrado\" class=\"read-more button\" href=\"https:\/\/madeiraisland.news\/?p=1208504#more-1208504\" aria-label=\"Read more about Queda de pedras de grandes dimens\u00f5es na Eira do Serrado\">Read more<\/a><\/p>\n","protected":false},"author":301,"featured_media":0,"comment_status":"open","ping_status":"","sticky":false,"template":"","format":"standard","meta":{"footnotes":""},"categories":[19],"tags":[],"class_list":["post-1208504","post","type-post","status-publish","format-standard","hentry","category-madeira-island-news","infinite-scroll-item","masonry-post","generate-columns","tablet-grid-50","mobile-grid-100","grid-parent","grid-33"],"_links":{"self":[{"href":"https:\/\/madeiraisland.news\/index.php?rest_route=\/wp\/v2\/posts\/1208504","targetHints":{"allow":["GET"]}}],"collection":[{"href":"https:\/\/madeiraisland.news\/index.php?rest_route=\/wp\/v2\/posts"}],"about":[{"href":"https:\/\/madeiraisland.news\/index.php?rest_route=\/wp\/v2\/types\/post"}],"author":[{"embeddable":true,"href":"https:\/\/madeiraisland.news\/index.php?rest_route=\/wp\/v2\/users\/301"}],"replies":[{"embeddable":true,"href":"https:\/\/madeiraisland.news\/index.php?rest_route=%2Fwp%2Fv2%2Fcomments&post=1208504"}],"version-history":[{"count":1,"href":"https:\/\/madeiraisland.news\/index.php?rest_route=\/wp\/v2\/posts\/1208504\/revisions"}],"predecessor-version":[{"id":1208505,"href":"https:\/\/madeiraisland.news\/index.php?rest_route=\/wp\/v2\/posts\/1208504\/revisions\/1208505"}],"wp:attachment":[{"href":"https:\/\/madeiraisland.news\/index.php?rest_route=%2Fwp%2Fv2%2Fmedia&parent=1208504"}],"wp:term":[{"taxonomy":"category","embeddable":true,"href":"https:\/\/madeiraisland.news\/index.php?rest_route=%2Fwp%2Fv2%2Fcategories&post=1208504"},{"taxonomy":"post_tag","embeddable":true,"href":"https:\/\/madeiraisland.news\/index.php?rest_route=%2Fwp%2Fv2%2Ftags&post=1208504"}],"curies":[{"name":"wp","href":"https:\/\/api.w.org\/{rel}","templated":true}]}}