{"id":1208500,"date":"2026-09-02T18:25:14","date_gmt":"2026-09-02T18:25:14","guid":{"rendered":"https:\/\/madeiraisland.news\/?p=1208500"},"modified":"2026-09-02T18:30:08","modified_gmt":"2026-09-02T18:30:08","slug":"nova-paragem-no-pelourinho-estreia-com-autocarros-em-fila-e-passageiros-perdidos","status":"publish","type":"post","link":"https:\/\/madeiraisland.news\/?p=1208500","title":{"rendered":"Nova paragem no Pelourinho estreia com autocarros em fila e passageiros perdidos"},"content":{"rendered":"<p>A nova paragem de autocarros no Largo do Pelourinho entrou hoje em funcionamento, mas a mudan\u00e7a j\u00e1 est\u00e1 a provocar alguns constrangimentos e confus\u00e3o entre os passageiros que circulam pelo centro do Funchal.<br \/>\nUm testemunho enviado ao DI\u00c1RIO d\u00e1 conta de que, pelas 19 horas, j\u00e1 fora da hora de ponta e ainda durante o per\u00edodo de f\u00e9rias escolares, &#8220;estavam cinco ou seis autocarros em fila junto \u00e0 nova paragem&#8221;, criando &#8220;um cen\u00e1rio algo ca\u00f3tico&#8221; numa das principais art\u00e9rias da capital.<br \/>\n0. Imagem inser<\/p>\n","protected":false},"excerpt":{"rendered":"<p>A nova paragem de autocarros no Largo do Pelourinho entrou hoje em funcionamento, mas a mudan\u00e7a j\u00e1 est\u00e1 a provocar &#8230; <\/p>\n<p class=\"read-more-container\"><a title=\"Nova paragem no Pelourinho estreia com autocarros em fila e passageiros perdidos\" class=\"read-more button\" href=\"https:\/\/madeiraisland.news\/?p=1208500#more-1208500\" aria-label=\"Read more about Nova paragem no Pelourinho estreia com autocarros em fila e passageiros perdidos\">Read more<\/a><\/p>\n","protected":false},"author":301,"featured_media":0,"comment_status":"open","ping_status":"","sticky":false,"template":"","format":"standard","meta":{"footnotes":""},"categories":[19],"tags":[],"class_list":["post-1208500","post","type-post","status-publish","format-standard","hentry","category-madeira-island-news","infinite-scroll-item","masonry-post","generate-columns","tablet-grid-50","mobile-grid-100","grid-parent","grid-33"],"_links":{"self":[{"href":"https:\/\/madeiraisland.news\/index.php?rest_route=\/wp\/v2\/posts\/1208500","targetHints":{"allow":["GET"]}}],"collection":[{"href":"https:\/\/madeiraisland.news\/index.php?rest_route=\/wp\/v2\/posts"}],"about":[{"href":"https:\/\/madeiraisland.news\/index.php?rest_route=\/wp\/v2\/types\/post"}],"author":[{"embeddable":true,"href":"https:\/\/madeiraisland.news\/index.php?rest_route=\/wp\/v2\/users\/301"}],"replies":[{"embeddable":true,"href":"https:\/\/madeiraisland.news\/index.php?rest_route=%2Fwp%2Fv2%2Fcomments&post=1208500"}],"version-history":[{"count":1,"href":"https:\/\/madeiraisland.news\/index.php?rest_route=\/wp\/v2\/posts\/1208500\/revisions"}],"predecessor-version":[{"id":1208501,"href":"https:\/\/madeiraisland.news\/index.php?rest_route=\/wp\/v2\/posts\/1208500\/revisions\/1208501"}],"wp:attachment":[{"href":"https:\/\/madeiraisland.news\/index.php?rest_route=%2Fwp%2Fv2%2Fmedia&parent=1208500"}],"wp:term":[{"taxonomy":"category","embeddable":true,"href":"https:\/\/madeiraisland.news\/index.php?rest_route=%2Fwp%2Fv2%2Fcategories&post=1208500"},{"taxonomy":"post_tag","embeddable":true,"href":"https:\/\/madeiraisland.news\/index.php?rest_route=%2Fwp%2Fv2%2Ftags&post=1208500"}],"curies":[{"name":"wp","href":"https:\/\/api.w.org\/{rel}","templated":true}]}}