{"id":1208497,"date":"2026-09-02T18:05:27","date_gmt":"2026-09-02T18:05:27","guid":{"rendered":"https:\/\/madeiraisland.news\/?p=1208497"},"modified":"2026-09-02T18:18:34","modified_gmt":"2026-09-02T18:18:34","slug":"aguiar-branco-convoca-conferencia-de-lideres-para-5-a-feira-para-decidir-data-da-mocao-de-censura-do-chega","status":"publish","type":"post","link":"https:\/\/madeiraisland.news\/?p=1208497","title":{"rendered":"Aguiar-Branco convoca confer\u00eancia de l\u00edderes para 5.\u00aa feira para decidir data da mo\u00e7\u00e3o de censura do Chega"},"content":{"rendered":"<p>O presidente da Assembleia da Rep\u00fablica anunciou hoje que convocou para quinta-feira uma confer\u00eancia de l\u00edderes extraordin\u00e1ria para decidir a data em que ser\u00e1 debatida e votada a mo\u00e7\u00e3o de censura do Chega ao Governo.<br \/>\n&#8220;Quero avaliar com os l\u00edderes parlamentares a defini\u00e7\u00e3o da data a partir da qual se devem contar os tr\u00eas dias para efeitos de levar \u00e0 discuss\u00e3o na Assembleia da Rep\u00fablica&#8221;, afirmou Jos\u00e9 Pedro Aguiar-Branco, em declara\u00e7\u00f5es aos jornalistas nos A\u00e7ores, uma vez que a mo\u00e7\u00e3o de censura de<\/p>\n","protected":false},"excerpt":{"rendered":"<p>O presidente da Assembleia da Rep\u00fablica anunciou hoje que convocou para quinta-feira uma confer\u00eancia de l\u00edderes extraordin\u00e1ria para decidir a data em que ser\u00e1 debatida e votada a mo\u00e7\u00e3o de censura do Chega ao Governo.<\/p>\n","protected":false},"author":5,"featured_media":0,"comment_status":"open","ping_status":"","sticky":false,"template":"","format":"standard","meta":{"footnotes":""},"categories":[19],"tags":[],"class_list":["post-1208497","post","type-post","status-publish","format-standard","hentry","category-madeira-island-news","infinite-scroll-item","masonry-post","generate-columns","tablet-grid-50","mobile-grid-100","grid-parent","grid-33"],"_links":{"self":[{"href":"https:\/\/madeiraisland.news\/index.php?rest_route=\/wp\/v2\/posts\/1208497","targetHints":{"allow":["GET"]}}],"collection":[{"href":"https:\/\/madeiraisland.news\/index.php?rest_route=\/wp\/v2\/posts"}],"about":[{"href":"https:\/\/madeiraisland.news\/index.php?rest_route=\/wp\/v2\/types\/post"}],"author":[{"embeddable":true,"href":"https:\/\/madeiraisland.news\/index.php?rest_route=\/wp\/v2\/users\/5"}],"replies":[{"embeddable":true,"href":"https:\/\/madeiraisland.news\/index.php?rest_route=%2Fwp%2Fv2%2Fcomments&post=1208497"}],"version-history":[{"count":2,"href":"https:\/\/madeiraisland.news\/index.php?rest_route=\/wp\/v2\/posts\/1208497\/revisions"}],"predecessor-version":[{"id":1208499,"href":"https:\/\/madeiraisland.news\/index.php?rest_route=\/wp\/v2\/posts\/1208497\/revisions\/1208499"}],"wp:attachment":[{"href":"https:\/\/madeiraisland.news\/index.php?rest_route=%2Fwp%2Fv2%2Fmedia&parent=1208497"}],"wp:term":[{"taxonomy":"category","embeddable":true,"href":"https:\/\/madeiraisland.news\/index.php?rest_route=%2Fwp%2Fv2%2Fcategories&post=1208497"},{"taxonomy":"post_tag","embeddable":true,"href":"https:\/\/madeiraisland.news\/index.php?rest_route=%2Fwp%2Fv2%2Ftags&post=1208497"}],"curies":[{"name":"wp","href":"https:\/\/api.w.org\/{rel}","templated":true}]}}