{"id":1208493,"date":"2026-09-02T17:43:52","date_gmt":"2026-09-02T17:43:52","guid":{"rendered":"https:\/\/madeiraisland.news\/?p=1208493"},"modified":"2026-09-02T17:47:42","modified_gmt":"2026-09-02T17:47:42","slug":"novo-navio-da-arditi-ja-esta-construido-e-entra-agora-em-fase-de-testes","status":"publish","type":"post","link":"https:\/\/madeiraisland.news\/?p=1208493","title":{"rendered":"Novo navio da ARDITI j\u00e1 est\u00e1 constru\u00eddo e entra agora em fase de testes"},"content":{"rendered":"<p>O novo navio de investiga\u00e7\u00e3o da ARDITI, financiado pelo investimento C10-i06 RAM \u2013 Tecnologias Oce\u00e2nicas \u2013 Plano de Recupera\u00e7\u00e3o e Resili\u00eancia (PRR), concluiu a sua constru\u00e7\u00e3o no passado dia 28 de Agosto de 2026. Resultante do concurso p\u00fablico internacional n.\u00ba CPI 01\/ARDITI\/2024, o contrato de aquisi\u00e7\u00e3o do navio de investiga\u00e7\u00e3o, polivalente, com plataforma equipada com [\u2026]<\/p>\n","protected":false},"excerpt":{"rendered":"<p>O novo navio de investiga\u00e7\u00e3o da ARDITI, financiado pelo investimento C10-i06 RAM \u2013 Tecnologias Oce\u00e2nicas \u2013 Plano de Recupera\u00e7\u00e3o e &#8230; <\/p>\n<p class=\"read-more-container\"><a title=\"Novo navio da ARDITI j\u00e1 est\u00e1 constru\u00eddo e entra agora em fase de testes\" class=\"read-more button\" href=\"https:\/\/madeiraisland.news\/?p=1208493#more-1208493\" aria-label=\"Read more about Novo navio da ARDITI j\u00e1 est\u00e1 constru\u00eddo e entra agora em fase de testes\">Read more<\/a><\/p>\n","protected":false},"author":258,"featured_media":0,"comment_status":"open","ping_status":"","sticky":false,"template":"","format":"standard","meta":{"footnotes":""},"categories":[19],"tags":[],"class_list":["post-1208493","post","type-post","status-publish","format-standard","hentry","category-madeira-island-news","infinite-scroll-item","masonry-post","generate-columns","tablet-grid-50","mobile-grid-100","grid-parent","grid-33"],"_links":{"self":[{"href":"https:\/\/madeiraisland.news\/index.php?rest_route=\/wp\/v2\/posts\/1208493","targetHints":{"allow":["GET"]}}],"collection":[{"href":"https:\/\/madeiraisland.news\/index.php?rest_route=\/wp\/v2\/posts"}],"about":[{"href":"https:\/\/madeiraisland.news\/index.php?rest_route=\/wp\/v2\/types\/post"}],"author":[{"embeddable":true,"href":"https:\/\/madeiraisland.news\/index.php?rest_route=\/wp\/v2\/users\/258"}],"replies":[{"embeddable":true,"href":"https:\/\/madeiraisland.news\/index.php?rest_route=%2Fwp%2Fv2%2Fcomments&post=1208493"}],"version-history":[{"count":1,"href":"https:\/\/madeiraisland.news\/index.php?rest_route=\/wp\/v2\/posts\/1208493\/revisions"}],"predecessor-version":[{"id":1208494,"href":"https:\/\/madeiraisland.news\/index.php?rest_route=\/wp\/v2\/posts\/1208493\/revisions\/1208494"}],"wp:attachment":[{"href":"https:\/\/madeiraisland.news\/index.php?rest_route=%2Fwp%2Fv2%2Fmedia&parent=1208493"}],"wp:term":[{"taxonomy":"category","embeddable":true,"href":"https:\/\/madeiraisland.news\/index.php?rest_route=%2Fwp%2Fv2%2Fcategories&post=1208493"},{"taxonomy":"post_tag","embeddable":true,"href":"https:\/\/madeiraisland.news\/index.php?rest_route=%2Fwp%2Fv2%2Ftags&post=1208493"}],"curies":[{"name":"wp","href":"https:\/\/api.w.org\/{rel}","templated":true}]}}