{"id":1208490,"date":"2026-09-02T17:20:22","date_gmt":"2026-09-02T17:20:22","guid":{"rendered":"https:\/\/madeiraisland.news\/?p=1208490"},"modified":"2026-09-02T17:29:44","modified_gmt":"2026-09-02T17:29:44","slug":"ventura-diz-que-se-ps-nao-acompanhar-censura-quer-continuidade-de-luis-neves","status":"publish","type":"post","link":"https:\/\/madeiraisland.news\/?p=1208490","title":{"rendered":"Ventura diz que se PS n\u00e3o acompanhar censura, quer continuidade de Lu\u00eds Neves"},"content":{"rendered":"<p>O l\u00edder do Chega, Andr\u00e9 Ventura, considerou hoje que se o PS n\u00e3o acompanhar a mo\u00e7\u00e3o de censura que o seu partido apresentou, \u00e9 sinal de que quer a continuidade de Lu\u00eds Neves como ministro da Administra\u00e7\u00e3o Interna.<br \/>\n&#8220;Se o PS n\u00e3o votar favoravelmente,\u00a0fica politicamente agarrado \u00e0 ideia\u00a0que quer manter Lu\u00eds Neves em fun\u00e7\u00f5es.\u00a0E isso \u00e9 leg\u00edtimo, \u00e9 leg\u00edtimo que queira manter Lu\u00eds Neves em fun\u00e7\u00f5es, mas, da nossa perspectiva, \u00e9 errado&#8221;, afirmou.<br \/>\nO l\u00edder do Chega, Andr\u00e9 Ventura, anunciou hoje que deu ent<\/p>\n","protected":false},"excerpt":{"rendered":"<p>O l\u00edder do Chega, Andr\u00e9 Ventura, considerou hoje que se o PS n\u00e3o acompanhar a mo\u00e7\u00e3o de censura que o seu partido apresentou, \u00e9 sinal de que quer a continuidade de Lu\u00eds Neves como ministro<\/p>\n","protected":false},"author":5,"featured_media":0,"comment_status":"open","ping_status":"","sticky":false,"template":"","format":"standard","meta":{"footnotes":""},"categories":[19],"tags":[],"class_list":["post-1208490","post","type-post","status-publish","format-standard","hentry","category-madeira-island-news","infinite-scroll-item","masonry-post","generate-columns","tablet-grid-50","mobile-grid-100","grid-parent","grid-33"],"_links":{"self":[{"href":"https:\/\/madeiraisland.news\/index.php?rest_route=\/wp\/v2\/posts\/1208490","targetHints":{"allow":["GET"]}}],"collection":[{"href":"https:\/\/madeiraisland.news\/index.php?rest_route=\/wp\/v2\/posts"}],"about":[{"href":"https:\/\/madeiraisland.news\/index.php?rest_route=\/wp\/v2\/types\/post"}],"author":[{"embeddable":true,"href":"https:\/\/madeiraisland.news\/index.php?rest_route=\/wp\/v2\/users\/5"}],"replies":[{"embeddable":true,"href":"https:\/\/madeiraisland.news\/index.php?rest_route=%2Fwp%2Fv2%2Fcomments&post=1208490"}],"version-history":[{"count":2,"href":"https:\/\/madeiraisland.news\/index.php?rest_route=\/wp\/v2\/posts\/1208490\/revisions"}],"predecessor-version":[{"id":1208492,"href":"https:\/\/madeiraisland.news\/index.php?rest_route=\/wp\/v2\/posts\/1208490\/revisions\/1208492"}],"wp:attachment":[{"href":"https:\/\/madeiraisland.news\/index.php?rest_route=%2Fwp%2Fv2%2Fmedia&parent=1208490"}],"wp:term":[{"taxonomy":"category","embeddable":true,"href":"https:\/\/madeiraisland.news\/index.php?rest_route=%2Fwp%2Fv2%2Fcategories&post=1208490"},{"taxonomy":"post_tag","embeddable":true,"href":"https:\/\/madeiraisland.news\/index.php?rest_route=%2Fwp%2Fv2%2Ftags&post=1208490"}],"curies":[{"name":"wp","href":"https:\/\/api.w.org\/{rel}","templated":true}]}}