{"id":1208488,"date":"2026-09-02T17:18:38","date_gmt":"2026-09-02T17:18:38","guid":{"rendered":"https:\/\/madeiraisland.news\/?p=1208488"},"modified":"2026-09-02T17:29:43","modified_gmt":"2026-09-02T17:29:43","slug":"jpp-diz-que-falta-de-tecnicos-de-diagnostico-resulta-de-desinvestimento-humano","status":"publish","type":"post","link":"https:\/\/madeiraisland.news\/?p=1208488","title":{"rendered":"JPP diz que falta de t\u00e9cnicos de diagn\u00f3stico resulta de \u201cdesinvestimento humano\u201d"},"content":{"rendered":"<p>O Juntos Pelo Povo (JPP) veio considerar que a recente paralisia de v\u00e1rias salas de exames e o adiamento sistem\u00e1tico de atos m\u00e9dicos urgentes e oncol\u00f3gicos \u201cn\u00e3o s\u00e3o meros imprevistos, mas sim o reflexo directo de uma pol\u00edtica assente na propaganda e no desinvestimento cr\u00f3nico no capital humano\u201d. A deputada Patr\u00edcia Sp\u00ednola refere que \u201co [\u2026]<\/p>\n","protected":false},"excerpt":{"rendered":"<p>O Juntos Pelo Povo (JPP) veio considerar que a recente paralisia de v\u00e1rias salas de exames e o adiamento sistem\u00e1tico &#8230; <\/p>\n<p class=\"read-more-container\"><a title=\"JPP diz que falta de t\u00e9cnicos de diagn\u00f3stico resulta de \u201cdesinvestimento humano\u201d\" class=\"read-more button\" href=\"https:\/\/madeiraisland.news\/?p=1208488#more-1208488\" aria-label=\"Read more about JPP diz que falta de t\u00e9cnicos de diagn\u00f3stico resulta de \u201cdesinvestimento humano\u201d\">Read more<\/a><\/p>\n","protected":false},"author":258,"featured_media":0,"comment_status":"open","ping_status":"","sticky":false,"template":"","format":"standard","meta":{"footnotes":""},"categories":[19],"tags":[],"class_list":["post-1208488","post","type-post","status-publish","format-standard","hentry","category-madeira-island-news","infinite-scroll-item","masonry-post","generate-columns","tablet-grid-50","mobile-grid-100","grid-parent","grid-33"],"_links":{"self":[{"href":"https:\/\/madeiraisland.news\/index.php?rest_route=\/wp\/v2\/posts\/1208488","targetHints":{"allow":["GET"]}}],"collection":[{"href":"https:\/\/madeiraisland.news\/index.php?rest_route=\/wp\/v2\/posts"}],"about":[{"href":"https:\/\/madeiraisland.news\/index.php?rest_route=\/wp\/v2\/types\/post"}],"author":[{"embeddable":true,"href":"https:\/\/madeiraisland.news\/index.php?rest_route=\/wp\/v2\/users\/258"}],"replies":[{"embeddable":true,"href":"https:\/\/madeiraisland.news\/index.php?rest_route=%2Fwp%2Fv2%2Fcomments&post=1208488"}],"version-history":[{"count":1,"href":"https:\/\/madeiraisland.news\/index.php?rest_route=\/wp\/v2\/posts\/1208488\/revisions"}],"predecessor-version":[{"id":1208489,"href":"https:\/\/madeiraisland.news\/index.php?rest_route=\/wp\/v2\/posts\/1208488\/revisions\/1208489"}],"wp:attachment":[{"href":"https:\/\/madeiraisland.news\/index.php?rest_route=%2Fwp%2Fv2%2Fmedia&parent=1208488"}],"wp:term":[{"taxonomy":"category","embeddable":true,"href":"https:\/\/madeiraisland.news\/index.php?rest_route=%2Fwp%2Fv2%2Fcategories&post=1208488"},{"taxonomy":"post_tag","embeddable":true,"href":"https:\/\/madeiraisland.news\/index.php?rest_route=%2Fwp%2Fv2%2Ftags&post=1208488"}],"curies":[{"name":"wp","href":"https:\/\/api.w.org\/{rel}","templated":true}]}}