{"id":1208486,"date":"2026-09-02T17:11:12","date_gmt":"2026-09-02T17:11:12","guid":{"rendered":"https:\/\/madeiraisland.news\/?p=1208486"},"modified":"2026-09-02T17:16:46","modified_gmt":"2026-09-02T17:16:46","slug":"adn-divulga-extenso-comunicado-defendendo-os-direitos-dos-agentes-da-psp","status":"publish","type":"post","link":"https:\/\/madeiraisland.news\/?p=1208486","title":{"rendered":"ADN divulga extenso comunicado defendendo os direitos dos agentes da PSP"},"content":{"rendered":"<p>O partido ADN veio dizer hoje que depois de tr\u00eas dias de visita \u00e0 Madeira, o pr\u00f3prio ministro da Administra\u00e7\u00e3o Interna reconheceu que Portugal sofre as consequ\u00eancias de \u201cd\u00e9cadas de desinvestimento\u201d nas for\u00e7as de seguran\u00e7a. Para o ADN Madeira, falta assumir quem tem suportado grande parte dessa factura, o pol\u00edcia. \u201cQuando o Estado n\u00e3o recruta [\u2026]<\/p>\n","protected":false},"excerpt":{"rendered":"<p>O partido ADN veio dizer hoje que depois de tr\u00eas dias de visita \u00e0 Madeira, o pr\u00f3prio ministro da Administra\u00e7\u00e3o &#8230; <\/p>\n<p class=\"read-more-container\"><a title=\"ADN divulga extenso comunicado defendendo os direitos dos agentes da PSP\" class=\"read-more button\" href=\"https:\/\/madeiraisland.news\/?p=1208486#more-1208486\" aria-label=\"Read more about ADN divulga extenso comunicado defendendo os direitos dos agentes da PSP\">Read more<\/a><\/p>\n","protected":false},"author":258,"featured_media":0,"comment_status":"open","ping_status":"","sticky":false,"template":"","format":"standard","meta":{"footnotes":""},"categories":[19],"tags":[],"class_list":["post-1208486","post","type-post","status-publish","format-standard","hentry","category-madeira-island-news","infinite-scroll-item","masonry-post","generate-columns","tablet-grid-50","mobile-grid-100","grid-parent","grid-33"],"_links":{"self":[{"href":"https:\/\/madeiraisland.news\/index.php?rest_route=\/wp\/v2\/posts\/1208486","targetHints":{"allow":["GET"]}}],"collection":[{"href":"https:\/\/madeiraisland.news\/index.php?rest_route=\/wp\/v2\/posts"}],"about":[{"href":"https:\/\/madeiraisland.news\/index.php?rest_route=\/wp\/v2\/types\/post"}],"author":[{"embeddable":true,"href":"https:\/\/madeiraisland.news\/index.php?rest_route=\/wp\/v2\/users\/258"}],"replies":[{"embeddable":true,"href":"https:\/\/madeiraisland.news\/index.php?rest_route=%2Fwp%2Fv2%2Fcomments&post=1208486"}],"version-history":[{"count":1,"href":"https:\/\/madeiraisland.news\/index.php?rest_route=\/wp\/v2\/posts\/1208486\/revisions"}],"predecessor-version":[{"id":1208487,"href":"https:\/\/madeiraisland.news\/index.php?rest_route=\/wp\/v2\/posts\/1208486\/revisions\/1208487"}],"wp:attachment":[{"href":"https:\/\/madeiraisland.news\/index.php?rest_route=%2Fwp%2Fv2%2Fmedia&parent=1208486"}],"wp:term":[{"taxonomy":"category","embeddable":true,"href":"https:\/\/madeiraisland.news\/index.php?rest_route=%2Fwp%2Fv2%2Fcategories&post=1208486"},{"taxonomy":"post_tag","embeddable":true,"href":"https:\/\/madeiraisland.news\/index.php?rest_route=%2Fwp%2Fv2%2Ftags&post=1208486"}],"curies":[{"name":"wp","href":"https:\/\/api.w.org\/{rel}","templated":true}]}}