{"id":1208484,"date":"2026-09-02T17:15:14","date_gmt":"2026-09-02T17:15:14","guid":{"rendered":"https:\/\/madeiraisland.news\/?p=1208484"},"modified":"2026-09-02T17:16:46","modified_gmt":"2026-09-02T17:16:46","slug":"ordem-dos-engenheiros-tecnicos-assinala-hoje-efemeride","status":"publish","type":"post","link":"https:\/\/madeiraisland.news\/?p=1208484","title":{"rendered":"Ordem dos Engenheiros T\u00e9cnicos assinala hoje efem\u00e9ride"},"content":{"rendered":"<p>A Ordem dos Engenheiros T\u00e9cnicos (OET) assinala hoje, dia 2 de Setembro, 27 anos do reconhecimento como Associa\u00e7\u00e3o P\u00fablica Profissional e 15 anos da cria\u00e7\u00e3o da Ordem. A efem\u00e9ride serve de mote para reafirmar o papel central dos Engenheiros T\u00e9cnicos como motor do progresso e da moderniza\u00e7\u00e3o do pa\u00eds. Num contexto de grandes transforma\u00e7\u00f5es nacionais, [\u2026]<\/p>\n","protected":false},"excerpt":{"rendered":"<p>A Ordem dos Engenheiros T\u00e9cnicos (OET) assinala hoje, dia 2 de Setembro, 27 anos do reconhecimento como Associa\u00e7\u00e3o P\u00fablica Profissional &#8230; <\/p>\n<p class=\"read-more-container\"><a title=\"Ordem dos Engenheiros T\u00e9cnicos assinala hoje efem\u00e9ride\" class=\"read-more button\" href=\"https:\/\/madeiraisland.news\/?p=1208484#more-1208484\" aria-label=\"Read more about Ordem dos Engenheiros T\u00e9cnicos assinala hoje efem\u00e9ride\">Read more<\/a><\/p>\n","protected":false},"author":258,"featured_media":0,"comment_status":"open","ping_status":"","sticky":false,"template":"","format":"standard","meta":{"footnotes":""},"categories":[19],"tags":[],"class_list":["post-1208484","post","type-post","status-publish","format-standard","hentry","category-madeira-island-news","infinite-scroll-item","masonry-post","generate-columns","tablet-grid-50","mobile-grid-100","grid-parent","grid-33"],"_links":{"self":[{"href":"https:\/\/madeiraisland.news\/index.php?rest_route=\/wp\/v2\/posts\/1208484","targetHints":{"allow":["GET"]}}],"collection":[{"href":"https:\/\/madeiraisland.news\/index.php?rest_route=\/wp\/v2\/posts"}],"about":[{"href":"https:\/\/madeiraisland.news\/index.php?rest_route=\/wp\/v2\/types\/post"}],"author":[{"embeddable":true,"href":"https:\/\/madeiraisland.news\/index.php?rest_route=\/wp\/v2\/users\/258"}],"replies":[{"embeddable":true,"href":"https:\/\/madeiraisland.news\/index.php?rest_route=%2Fwp%2Fv2%2Fcomments&post=1208484"}],"version-history":[{"count":1,"href":"https:\/\/madeiraisland.news\/index.php?rest_route=\/wp\/v2\/posts\/1208484\/revisions"}],"predecessor-version":[{"id":1208485,"href":"https:\/\/madeiraisland.news\/index.php?rest_route=\/wp\/v2\/posts\/1208484\/revisions\/1208485"}],"wp:attachment":[{"href":"https:\/\/madeiraisland.news\/index.php?rest_route=%2Fwp%2Fv2%2Fmedia&parent=1208484"}],"wp:term":[{"taxonomy":"category","embeddable":true,"href":"https:\/\/madeiraisland.news\/index.php?rest_route=%2Fwp%2Fv2%2Fcategories&post=1208484"},{"taxonomy":"post_tag","embeddable":true,"href":"https:\/\/madeiraisland.news\/index.php?rest_route=%2Fwp%2Fv2%2Ftags&post=1208484"}],"curies":[{"name":"wp","href":"https:\/\/api.w.org\/{rel}","templated":true}]}}