{"id":1208479,"date":"2026-09-02T16:29:52","date_gmt":"2026-09-02T16:29:52","guid":{"rendered":"https:\/\/madeiraisland.news\/?p=1208479"},"modified":"2026-09-02T16:46:14","modified_gmt":"2026-09-02T16:46:14","slug":"mocao-de-censura-do-chega-sera-primeira-do-actual-governo-e-terceira-contra-executivos-de-montenegro","status":"publish","type":"post","link":"https:\/\/madeiraisland.news\/?p=1208479","title":{"rendered":"Mo\u00e7\u00e3o de censura do Chega ser\u00e1 primeira do actual Governo e terceira contra executivos de Montenegro"},"content":{"rendered":"<p>A mo\u00e7\u00e3o de censura hoje anunciada pelo Chega vai ser a primeira ao XXV Governo Constitucional, a terceira a executivos PSD\/CDS-PP liderados por Lu\u00eds Montenegro e a 37.\u00aa em democracia.<br \/>\nEsta ser\u00e1 a quarta vez que o partido liderado por Andr\u00e9 Ventura recorre a este instrumento: duas vezes na XV legislatura contra o \u00faltimo Governo do PS liderado por Ant\u00f3nio Costa e, com a anunciada hoje, duas a executivos da AD.<br \/>\nNa hist\u00f3ria da democracia portuguesa, a censura do parlamento ao Governo j\u00e1 foi rejeitad<\/p>\n","protected":false},"excerpt":{"rendered":"<p>A mo\u00e7\u00e3o de censura hoje anunciada pelo Chega vai ser a primeira ao XXV Governo Constitucional, a terceira a executivos PSD\/CDS-PP liderados por Lu\u00eds Montenegro e a 37.\u00aa em democracia. Esta ser\u00e1 a quarta vez<\/p>\n","protected":false},"author":5,"featured_media":0,"comment_status":"open","ping_status":"","sticky":false,"template":"","format":"standard","meta":{"footnotes":""},"categories":[19],"tags":[],"class_list":["post-1208479","post","type-post","status-publish","format-standard","hentry","category-madeira-island-news","infinite-scroll-item","masonry-post","generate-columns","tablet-grid-50","mobile-grid-100","grid-parent","grid-33"],"_links":{"self":[{"href":"https:\/\/madeiraisland.news\/index.php?rest_route=\/wp\/v2\/posts\/1208479","targetHints":{"allow":["GET"]}}],"collection":[{"href":"https:\/\/madeiraisland.news\/index.php?rest_route=\/wp\/v2\/posts"}],"about":[{"href":"https:\/\/madeiraisland.news\/index.php?rest_route=\/wp\/v2\/types\/post"}],"author":[{"embeddable":true,"href":"https:\/\/madeiraisland.news\/index.php?rest_route=\/wp\/v2\/users\/5"}],"replies":[{"embeddable":true,"href":"https:\/\/madeiraisland.news\/index.php?rest_route=%2Fwp%2Fv2%2Fcomments&post=1208479"}],"version-history":[{"count":2,"href":"https:\/\/madeiraisland.news\/index.php?rest_route=\/wp\/v2\/posts\/1208479\/revisions"}],"predecessor-version":[{"id":1208481,"href":"https:\/\/madeiraisland.news\/index.php?rest_route=\/wp\/v2\/posts\/1208479\/revisions\/1208481"}],"wp:attachment":[{"href":"https:\/\/madeiraisland.news\/index.php?rest_route=%2Fwp%2Fv2%2Fmedia&parent=1208479"}],"wp:term":[{"taxonomy":"category","embeddable":true,"href":"https:\/\/madeiraisland.news\/index.php?rest_route=%2Fwp%2Fv2%2Fcategories&post=1208479"},{"taxonomy":"post_tag","embeddable":true,"href":"https:\/\/madeiraisland.news\/index.php?rest_route=%2Fwp%2Fv2%2Ftags&post=1208479"}],"curies":[{"name":"wp","href":"https:\/\/api.w.org\/{rel}","templated":true}]}}