{"id":1208474,"date":"2026-09-02T16:15:08","date_gmt":"2026-09-02T16:15:08","guid":{"rendered":"https:\/\/madeiraisland.news\/?p=1208474"},"modified":"2026-09-02T16:30:19","modified_gmt":"2026-09-02T16:30:19","slug":"chega-avanca-com-mocao-de-censura-ao-governo","status":"publish","type":"post","link":"https:\/\/madeiraisland.news\/?p=1208474","title":{"rendered":"Chega avan\u00e7a com mo\u00e7\u00e3o de censura ao Governo"},"content":{"rendered":"<p>O Chega vai avan\u00e7ar com uma mo\u00e7\u00e3o de censura ao Governo na sequ\u00eancia das pol\u00e9micas que envolvem o ministro da Administra\u00e7\u00e3o Interna, anunciou hoje o l\u00edder do partido, indicando que a iniciativa j\u00e1 foi entregue na Assembleia da Rep\u00fablica.<br \/>\nO an\u00fancio foi feito por Andr\u00e9 Ventura em confer\u00eancia de imprensa na sede do partido, em Lisboa, acompanhado pelos deputados Cristina Rodrigues, Pedro Fraz\u00e3o e Nuno Gabriel.<\/p>\n","protected":false},"excerpt":{"rendered":"<p>O Chega vai avan\u00e7ar com uma mo\u00e7\u00e3o de censura ao Governo na sequ\u00eancia das pol\u00e9micas que envolvem o ministro da Administra\u00e7\u00e3o Interna, anunciou hoje o l\u00edder do partido, indicando que a iniciativa j\u00e1 foi entregue<\/p>\n","protected":false},"author":5,"featured_media":0,"comment_status":"open","ping_status":"","sticky":false,"template":"","format":"standard","meta":{"footnotes":""},"categories":[19],"tags":[],"class_list":["post-1208474","post","type-post","status-publish","format-standard","hentry","category-madeira-island-news","infinite-scroll-item","masonry-post","generate-columns","tablet-grid-50","mobile-grid-100","grid-parent","grid-33"],"_links":{"self":[{"href":"https:\/\/madeiraisland.news\/index.php?rest_route=\/wp\/v2\/posts\/1208474","targetHints":{"allow":["GET"]}}],"collection":[{"href":"https:\/\/madeiraisland.news\/index.php?rest_route=\/wp\/v2\/posts"}],"about":[{"href":"https:\/\/madeiraisland.news\/index.php?rest_route=\/wp\/v2\/types\/post"}],"author":[{"embeddable":true,"href":"https:\/\/madeiraisland.news\/index.php?rest_route=\/wp\/v2\/users\/5"}],"replies":[{"embeddable":true,"href":"https:\/\/madeiraisland.news\/index.php?rest_route=%2Fwp%2Fv2%2Fcomments&post=1208474"}],"version-history":[{"count":2,"href":"https:\/\/madeiraisland.news\/index.php?rest_route=\/wp\/v2\/posts\/1208474\/revisions"}],"predecessor-version":[{"id":1208476,"href":"https:\/\/madeiraisland.news\/index.php?rest_route=\/wp\/v2\/posts\/1208474\/revisions\/1208476"}],"wp:attachment":[{"href":"https:\/\/madeiraisland.news\/index.php?rest_route=%2Fwp%2Fv2%2Fmedia&parent=1208474"}],"wp:term":[{"taxonomy":"category","embeddable":true,"href":"https:\/\/madeiraisland.news\/index.php?rest_route=%2Fwp%2Fv2%2Fcategories&post=1208474"},{"taxonomy":"post_tag","embeddable":true,"href":"https:\/\/madeiraisland.news\/index.php?rest_route=%2Fwp%2Fv2%2Ftags&post=1208474"}],"curies":[{"name":"wp","href":"https:\/\/api.w.org\/{rel}","templated":true}]}}