{"id":1208470,"date":"2026-09-02T16:04:53","date_gmt":"2026-09-02T16:04:53","guid":{"rendered":"https:\/\/madeiraisland.news\/?p=1208470"},"modified":"2026-09-02T16:14:50","modified_gmt":"2026-09-02T16:14:50","slug":"chega-quer-suplemento-de-missao-e-fixacao-para-forcas-de-seguranca-na-madeira","status":"publish","type":"post","link":"https:\/\/madeiraisland.news\/?p=1208470","title":{"rendered":"CHEGA quer suplemento de miss\u00e3o e fixa\u00e7\u00e3o para for\u00e7as de seguran\u00e7a na Madeira"},"content":{"rendered":"<p>O Grupo Parlamentar do CHEGA na Assembleia Legislativa da Regi\u00e3o Aut\u00f3noma da Madeira vai formalizar a entrega de um Projecto de Proposta de Lei \u00e0 Assembleia da Rep\u00fablica para a cria\u00e7\u00e3o do Suplemento de Miss\u00e3o e Fixa\u00e7\u00e3o destinado aos profissionais das For\u00e7as de Seguran\u00e7a em fun\u00e7\u00f5es no arquip\u00e9lago, anunciou o partido. A iniciativa abrange os [\u2026]<\/p>\n","protected":false},"excerpt":{"rendered":"<p>O Grupo Parlamentar do CHEGA na Assembleia Legislativa da Regi\u00e3o Aut\u00f3noma da Madeira vai formalizar a entrega de um Projecto &#8230; <\/p>\n<p class=\"read-more-container\"><a title=\"CHEGA quer suplemento de miss\u00e3o e fixa\u00e7\u00e3o para for\u00e7as de seguran\u00e7a na Madeira\" class=\"read-more button\" href=\"https:\/\/madeiraisland.news\/?p=1208470#more-1208470\" aria-label=\"Read more about CHEGA quer suplemento de miss\u00e3o e fixa\u00e7\u00e3o para for\u00e7as de seguran\u00e7a na Madeira\">Read more<\/a><\/p>\n","protected":false},"author":258,"featured_media":0,"comment_status":"open","ping_status":"","sticky":false,"template":"","format":"standard","meta":{"footnotes":""},"categories":[19],"tags":[],"class_list":["post-1208470","post","type-post","status-publish","format-standard","hentry","category-madeira-island-news","infinite-scroll-item","masonry-post","generate-columns","tablet-grid-50","mobile-grid-100","grid-parent","grid-33"],"_links":{"self":[{"href":"https:\/\/madeiraisland.news\/index.php?rest_route=\/wp\/v2\/posts\/1208470","targetHints":{"allow":["GET"]}}],"collection":[{"href":"https:\/\/madeiraisland.news\/index.php?rest_route=\/wp\/v2\/posts"}],"about":[{"href":"https:\/\/madeiraisland.news\/index.php?rest_route=\/wp\/v2\/types\/post"}],"author":[{"embeddable":true,"href":"https:\/\/madeiraisland.news\/index.php?rest_route=\/wp\/v2\/users\/258"}],"replies":[{"embeddable":true,"href":"https:\/\/madeiraisland.news\/index.php?rest_route=%2Fwp%2Fv2%2Fcomments&post=1208470"}],"version-history":[{"count":1,"href":"https:\/\/madeiraisland.news\/index.php?rest_route=\/wp\/v2\/posts\/1208470\/revisions"}],"predecessor-version":[{"id":1208471,"href":"https:\/\/madeiraisland.news\/index.php?rest_route=\/wp\/v2\/posts\/1208470\/revisions\/1208471"}],"wp:attachment":[{"href":"https:\/\/madeiraisland.news\/index.php?rest_route=%2Fwp%2Fv2%2Fmedia&parent=1208470"}],"wp:term":[{"taxonomy":"category","embeddable":true,"href":"https:\/\/madeiraisland.news\/index.php?rest_route=%2Fwp%2Fv2%2Fcategories&post=1208470"},{"taxonomy":"post_tag","embeddable":true,"href":"https:\/\/madeiraisland.news\/index.php?rest_route=%2Fwp%2Fv2%2Ftags&post=1208470"}],"curies":[{"name":"wp","href":"https:\/\/api.w.org\/{rel}","templated":true}]}}