{"id":1208466,"date":"2026-09-02T15:54:22","date_gmt":"2026-09-02T15:54:22","guid":{"rendered":"https:\/\/madeiraisland.news\/?p=1208466"},"modified":"2026-09-02T16:00:13","modified_gmt":"2026-09-02T16:00:13","slug":"ram-concorre-com-sete-patrimonios-a-meia-final-das-novas-7-maravilhas-de-portugal","status":"publish","type":"post","link":"https:\/\/madeiraisland.news\/?p=1208466","title":{"rendered":"RAM concorre com sete patrim\u00f3nios \u00e0 meia final das \u201cNovas 7 Maravilhas de Portugal\u201d"},"content":{"rendered":"<p>A Madeira leva sete patrim\u00f3nios \u00e0 meia-final das Novas 7 Maravilhas de Portugal, marcada para s\u00e1bado, 5 de -Setembro, no Pal\u00e1cio Nacional de Sintra, numa vota\u00e7\u00e3o que definir\u00e1 os 21 finalistas da iniciativa, refere uma comunica\u00e7\u00e3o da Secretaria Regional da Economia. A RAM estar\u00e1 representada pelo Forte de Nossa Senhora do Amparo, em Machico, pelo [\u2026]<\/p>\n","protected":false},"excerpt":{"rendered":"<p>A Madeira leva sete patrim\u00f3nios \u00e0 meia-final das Novas 7 Maravilhas de Portugal, marcada para s\u00e1bado, 5 de -Setembro, no &#8230; <\/p>\n<p class=\"read-more-container\"><a title=\"RAM concorre com sete patrim\u00f3nios \u00e0 meia final das \u201cNovas 7 Maravilhas de Portugal\u201d\" class=\"read-more button\" href=\"https:\/\/madeiraisland.news\/?p=1208466#more-1208466\" aria-label=\"Read more about RAM concorre com sete patrim\u00f3nios \u00e0 meia final das \u201cNovas 7 Maravilhas de Portugal\u201d\">Read more<\/a><\/p>\n","protected":false},"author":258,"featured_media":0,"comment_status":"open","ping_status":"","sticky":false,"template":"","format":"standard","meta":{"footnotes":""},"categories":[19],"tags":[],"class_list":["post-1208466","post","type-post","status-publish","format-standard","hentry","category-madeira-island-news","infinite-scroll-item","masonry-post","generate-columns","tablet-grid-50","mobile-grid-100","grid-parent","grid-33"],"_links":{"self":[{"href":"https:\/\/madeiraisland.news\/index.php?rest_route=\/wp\/v2\/posts\/1208466","targetHints":{"allow":["GET"]}}],"collection":[{"href":"https:\/\/madeiraisland.news\/index.php?rest_route=\/wp\/v2\/posts"}],"about":[{"href":"https:\/\/madeiraisland.news\/index.php?rest_route=\/wp\/v2\/types\/post"}],"author":[{"embeddable":true,"href":"https:\/\/madeiraisland.news\/index.php?rest_route=\/wp\/v2\/users\/258"}],"replies":[{"embeddable":true,"href":"https:\/\/madeiraisland.news\/index.php?rest_route=%2Fwp%2Fv2%2Fcomments&post=1208466"}],"version-history":[{"count":1,"href":"https:\/\/madeiraisland.news\/index.php?rest_route=\/wp\/v2\/posts\/1208466\/revisions"}],"predecessor-version":[{"id":1208467,"href":"https:\/\/madeiraisland.news\/index.php?rest_route=\/wp\/v2\/posts\/1208466\/revisions\/1208467"}],"wp:attachment":[{"href":"https:\/\/madeiraisland.news\/index.php?rest_route=%2Fwp%2Fv2%2Fmedia&parent=1208466"}],"wp:term":[{"taxonomy":"category","embeddable":true,"href":"https:\/\/madeiraisland.news\/index.php?rest_route=%2Fwp%2Fv2%2Fcategories&post=1208466"},{"taxonomy":"post_tag","embeddable":true,"href":"https:\/\/madeiraisland.news\/index.php?rest_route=%2Fwp%2Fv2%2Ftags&post=1208466"}],"curies":[{"name":"wp","href":"https:\/\/api.w.org\/{rel}","templated":true}]}}