{"id":1208461,"date":"2026-09-02T15:14:48","date_gmt":"2026-09-02T15:14:48","guid":{"rendered":"https:\/\/madeiraisland.news\/?p=1208461"},"modified":"2026-09-02T15:29:49","modified_gmt":"2026-09-02T15:29:49","slug":"aguiar-branco-defende-nos-acores-reforco-e-aprofundamento-das-autonomias","status":"publish","type":"post","link":"https:\/\/madeiraisland.news\/?p=1208461","title":{"rendered":"Aguiar Branco defende nos A\u00e7ores refor\u00e7o e aprofundamento das autonomias"},"content":{"rendered":"<p>O presidente da Assembleia da Rep\u00fablica, Jos\u00e9 Pedro Aguiar Branco, defendeu hoje que as autonomias dos A\u00e7ores e da Madeira devem ser &#8220;refor\u00e7adas&#8221; e &#8220;aprofundadas&#8221;, para melhor servirem as popula\u00e7\u00f5es insulares e ajudarem a &#8220;ultrapassar as dificuldades&#8221; que existem.<br \/>\n&#8220;Esta autonomia deve ser refor\u00e7ada, deve ser aprofundada! \u00c9 um sinal de confian\u00e7a que \u00e9 dado, quando tratamos de poder ainda criar melhores condi\u00e7\u00f5es para quem vive no terreno e para quem tem conhecimento sobre aquilo que s\u00e3o as necess<\/p>\n","protected":false},"excerpt":{"rendered":"<p>O presidente da Assembleia da Rep\u00fablica, Jos\u00e9 Pedro Aguiar Branco, defendeu hoje que as autonomias dos A\u00e7ores e da Madeira devem ser &#8220;refor\u00e7adas&#8221; e &#8220;aprofundadas&#8221;, para melhor servirem as popula\u00e7\u00f5es insulares e ajudarem a &#8220;ultrapassar<\/p>\n","protected":false},"author":5,"featured_media":0,"comment_status":"open","ping_status":"","sticky":false,"template":"","format":"standard","meta":{"footnotes":""},"categories":[19],"tags":[],"class_list":["post-1208461","post","type-post","status-publish","format-standard","hentry","category-madeira-island-news","infinite-scroll-item","masonry-post","generate-columns","tablet-grid-50","mobile-grid-100","grid-parent","grid-33"],"_links":{"self":[{"href":"https:\/\/madeiraisland.news\/index.php?rest_route=\/wp\/v2\/posts\/1208461","targetHints":{"allow":["GET"]}}],"collection":[{"href":"https:\/\/madeiraisland.news\/index.php?rest_route=\/wp\/v2\/posts"}],"about":[{"href":"https:\/\/madeiraisland.news\/index.php?rest_route=\/wp\/v2\/types\/post"}],"author":[{"embeddable":true,"href":"https:\/\/madeiraisland.news\/index.php?rest_route=\/wp\/v2\/users\/5"}],"replies":[{"embeddable":true,"href":"https:\/\/madeiraisland.news\/index.php?rest_route=%2Fwp%2Fv2%2Fcomments&post=1208461"}],"version-history":[{"count":2,"href":"https:\/\/madeiraisland.news\/index.php?rest_route=\/wp\/v2\/posts\/1208461\/revisions"}],"predecessor-version":[{"id":1208463,"href":"https:\/\/madeiraisland.news\/index.php?rest_route=\/wp\/v2\/posts\/1208461\/revisions\/1208463"}],"wp:attachment":[{"href":"https:\/\/madeiraisland.news\/index.php?rest_route=%2Fwp%2Fv2%2Fmedia&parent=1208461"}],"wp:term":[{"taxonomy":"category","embeddable":true,"href":"https:\/\/madeiraisland.news\/index.php?rest_route=%2Fwp%2Fv2%2Fcategories&post=1208461"},{"taxonomy":"post_tag","embeddable":true,"href":"https:\/\/madeiraisland.news\/index.php?rest_route=%2Fwp%2Fv2%2Ftags&post=1208461"}],"curies":[{"name":"wp","href":"https:\/\/api.w.org\/{rel}","templated":true}]}}