{"id":1208459,"date":"2026-09-02T15:14:49","date_gmt":"2026-09-02T15:14:49","guid":{"rendered":"https:\/\/madeiraisland.news\/?p=1208459"},"modified":"2026-09-02T15:29:48","modified_gmt":"2026-09-02T15:29:48","slug":"mulher-atropelada-junto-a-passadeira-no-funchal","status":"publish","type":"post","link":"https:\/\/madeiraisland.news\/?p=1208459","title":{"rendered":"Mulher atropelada junto a passadeira no Funchal"},"content":{"rendered":"<p>Um atropelamento ocorrido na tarde desta quarta-feira na Avenida Calouste Gulbenkian, no Funchal, provocou um ferido ligeiro.<br \/>\nO acidente ocorreu pouco depois das 15h30 junto \u00e0 passadeira com sem\u00e1foro existente em frente \u00e0 esta\u00e7\u00e3o dos CTT, na Avenida Calouste Gulbenkian. A v\u00edtima, do sexo feminino, sofreu um ferimento no p\u00e9, com suspeita de fractura do tornozelo.<br \/>\nA atropelada foi imobilizada pelos Bombeiros Sapadores do Funchal e encaminha numa ambul\u00e2ncia para o Hospital Dr. N\u00e9lio Mendon\u00e7a para r<\/p>\n","protected":false},"excerpt":{"rendered":"<p>Um atropelamento ocorrido na tarde desta quarta-feira na Avenida Calouste Gulbenkian, no Funchal, provocou um ferido ligeiro. O acidente ocorreu &#8230; <\/p>\n<p class=\"read-more-container\"><a title=\"Mulher atropelada junto a passadeira no Funchal\" class=\"read-more button\" href=\"https:\/\/madeiraisland.news\/?p=1208459#more-1208459\" aria-label=\"Read more about Mulher atropelada junto a passadeira no Funchal\">Read more<\/a><\/p>\n","protected":false},"author":48,"featured_media":0,"comment_status":"open","ping_status":"","sticky":false,"template":"","format":"standard","meta":{"footnotes":""},"categories":[19],"tags":[],"class_list":["post-1208459","post","type-post","status-publish","format-standard","hentry","category-madeira-island-news","infinite-scroll-item","masonry-post","generate-columns","tablet-grid-50","mobile-grid-100","grid-parent","grid-33"],"_links":{"self":[{"href":"https:\/\/madeiraisland.news\/index.php?rest_route=\/wp\/v2\/posts\/1208459","targetHints":{"allow":["GET"]}}],"collection":[{"href":"https:\/\/madeiraisland.news\/index.php?rest_route=\/wp\/v2\/posts"}],"about":[{"href":"https:\/\/madeiraisland.news\/index.php?rest_route=\/wp\/v2\/types\/post"}],"author":[{"embeddable":true,"href":"https:\/\/madeiraisland.news\/index.php?rest_route=\/wp\/v2\/users\/48"}],"replies":[{"embeddable":true,"href":"https:\/\/madeiraisland.news\/index.php?rest_route=%2Fwp%2Fv2%2Fcomments&post=1208459"}],"version-history":[{"count":1,"href":"https:\/\/madeiraisland.news\/index.php?rest_route=\/wp\/v2\/posts\/1208459\/revisions"}],"predecessor-version":[{"id":1208460,"href":"https:\/\/madeiraisland.news\/index.php?rest_route=\/wp\/v2\/posts\/1208459\/revisions\/1208460"}],"wp:attachment":[{"href":"https:\/\/madeiraisland.news\/index.php?rest_route=%2Fwp%2Fv2%2Fmedia&parent=1208459"}],"wp:term":[{"taxonomy":"category","embeddable":true,"href":"https:\/\/madeiraisland.news\/index.php?rest_route=%2Fwp%2Fv2%2Fcategories&post=1208459"},{"taxonomy":"post_tag","embeddable":true,"href":"https:\/\/madeiraisland.news\/index.php?rest_route=%2Fwp%2Fv2%2Ftags&post=1208459"}],"curies":[{"name":"wp","href":"https:\/\/api.w.org\/{rel}","templated":true}]}}