{"id":1208456,"date":"2026-09-02T15:07:13","date_gmt":"2026-09-02T15:07:13","guid":{"rendered":"https:\/\/madeiraisland.news\/?p=1208456"},"modified":"2026-09-02T15:14:53","modified_gmt":"2026-09-02T15:14:53","slug":"cabaz-alimentar-volta-a-subir-211-euros-na-ultima-semana-para-25473-euros","status":"publish","type":"post","link":"https:\/\/madeiraisland.news\/?p=1208456","title":{"rendered":"Cabaz alimentar volta a subir 2,11 euros na \u00faltima semana para 254,73 euros"},"content":{"rendered":"<p>O cabaz alimentar composto por 63 bens essenciais monitorizado pela Deco Proteste voltou a aumentar 2,11 euros na \u00faltima semana, fixando-se nos 254,73 euros, informou hoje a associa\u00e7\u00e3o de defesa do consumidor.<br \/>\nDepois de ter descido 0,94 euros na semana anterior (252,62 euros), &#8220;o cabaz alimentar monitorizado pela Deco Proteste, organiza\u00e7\u00e3o de defesa do consumidor, custa esta semana 254,73 euros, o que representa um aumento de 2,11 euros face \u00e0 semana anterior&#8221;, l\u00ea-se na informa\u00e7\u00e3o divulgada.<br \/>\nA c<\/p>\n","protected":false},"excerpt":{"rendered":"<p>O cabaz alimentar composto por 63 bens essenciais monitorizado pela Deco Proteste voltou a aumentar 2,11 euros na \u00faltima semana, fixando-se nos 254,73 euros, informou hoje a associa\u00e7\u00e3o de defesa do consumidor. Depois de ter<\/p>\n","protected":false},"author":5,"featured_media":0,"comment_status":"open","ping_status":"","sticky":false,"template":"","format":"standard","meta":{"footnotes":""},"categories":[19],"tags":[],"class_list":["post-1208456","post","type-post","status-publish","format-standard","hentry","category-madeira-island-news","infinite-scroll-item","masonry-post","generate-columns","tablet-grid-50","mobile-grid-100","grid-parent","grid-33"],"_links":{"self":[{"href":"https:\/\/madeiraisland.news\/index.php?rest_route=\/wp\/v2\/posts\/1208456","targetHints":{"allow":["GET"]}}],"collection":[{"href":"https:\/\/madeiraisland.news\/index.php?rest_route=\/wp\/v2\/posts"}],"about":[{"href":"https:\/\/madeiraisland.news\/index.php?rest_route=\/wp\/v2\/types\/post"}],"author":[{"embeddable":true,"href":"https:\/\/madeiraisland.news\/index.php?rest_route=\/wp\/v2\/users\/5"}],"replies":[{"embeddable":true,"href":"https:\/\/madeiraisland.news\/index.php?rest_route=%2Fwp%2Fv2%2Fcomments&post=1208456"}],"version-history":[{"count":2,"href":"https:\/\/madeiraisland.news\/index.php?rest_route=\/wp\/v2\/posts\/1208456\/revisions"}],"predecessor-version":[{"id":1208458,"href":"https:\/\/madeiraisland.news\/index.php?rest_route=\/wp\/v2\/posts\/1208456\/revisions\/1208458"}],"wp:attachment":[{"href":"https:\/\/madeiraisland.news\/index.php?rest_route=%2Fwp%2Fv2%2Fmedia&parent=1208456"}],"wp:term":[{"taxonomy":"category","embeddable":true,"href":"https:\/\/madeiraisland.news\/index.php?rest_route=%2Fwp%2Fv2%2Fcategories&post=1208456"},{"taxonomy":"post_tag","embeddable":true,"href":"https:\/\/madeiraisland.news\/index.php?rest_route=%2Fwp%2Fv2%2Ftags&post=1208456"}],"curies":[{"name":"wp","href":"https:\/\/api.w.org\/{rel}","templated":true}]}}