{"id":1208454,"date":"2026-09-02T15:01:14","date_gmt":"2026-09-02T15:01:14","guid":{"rendered":"https:\/\/madeiraisland.news\/?p=1208454"},"modified":"2026-09-02T15:14:52","modified_gmt":"2026-09-02T15:14:52","slug":"ps-denuncia-duplicacao-do-preco-da-obra-da-esquadra-da-psp-na-ponta-do-sol","status":"publish","type":"post","link":"https:\/\/madeiraisland.news\/?p=1208454","title":{"rendered":"PS denuncia duplica\u00e7\u00e3o do pre\u00e7o da obra da esquadra da PSP na Ponta do Sol"},"content":{"rendered":"<p>O PS da Ponta do Sol emitiu um comunicado no qual diz que, tendo tomado conhecimento das declara\u00e7\u00f5es do presidente da C\u00e2mara Municipal da Ponta do Sol, Rui Marques, do dia 31 de Agosto de 2026, por ocasi\u00e3o da visita do Ministro da Administra\u00e7\u00e3o Interna, Lu\u00eds Neves, a prop\u00f3sito da constru\u00e7\u00e3o da Esquadra da PSP [\u2026]<\/p>\n","protected":false},"excerpt":{"rendered":"<p>O PS da Ponta do Sol emitiu um comunicado no qual diz que, tendo tomado conhecimento das declara\u00e7\u00f5es do presidente &#8230; <\/p>\n<p class=\"read-more-container\"><a title=\"PS denuncia duplica\u00e7\u00e3o do pre\u00e7o da obra da esquadra da PSP na Ponta do Sol\" class=\"read-more button\" href=\"https:\/\/madeiraisland.news\/?p=1208454#more-1208454\" aria-label=\"Read more about PS denuncia duplica\u00e7\u00e3o do pre\u00e7o da obra da esquadra da PSP na Ponta do Sol\">Read more<\/a><\/p>\n","protected":false},"author":258,"featured_media":0,"comment_status":"open","ping_status":"","sticky":false,"template":"","format":"standard","meta":{"footnotes":""},"categories":[19],"tags":[],"class_list":["post-1208454","post","type-post","status-publish","format-standard","hentry","category-madeira-island-news","infinite-scroll-item","masonry-post","generate-columns","tablet-grid-50","mobile-grid-100","grid-parent","grid-33"],"_links":{"self":[{"href":"https:\/\/madeiraisland.news\/index.php?rest_route=\/wp\/v2\/posts\/1208454","targetHints":{"allow":["GET"]}}],"collection":[{"href":"https:\/\/madeiraisland.news\/index.php?rest_route=\/wp\/v2\/posts"}],"about":[{"href":"https:\/\/madeiraisland.news\/index.php?rest_route=\/wp\/v2\/types\/post"}],"author":[{"embeddable":true,"href":"https:\/\/madeiraisland.news\/index.php?rest_route=\/wp\/v2\/users\/258"}],"replies":[{"embeddable":true,"href":"https:\/\/madeiraisland.news\/index.php?rest_route=%2Fwp%2Fv2%2Fcomments&post=1208454"}],"version-history":[{"count":1,"href":"https:\/\/madeiraisland.news\/index.php?rest_route=\/wp\/v2\/posts\/1208454\/revisions"}],"predecessor-version":[{"id":1208455,"href":"https:\/\/madeiraisland.news\/index.php?rest_route=\/wp\/v2\/posts\/1208454\/revisions\/1208455"}],"wp:attachment":[{"href":"https:\/\/madeiraisland.news\/index.php?rest_route=%2Fwp%2Fv2%2Fmedia&parent=1208454"}],"wp:term":[{"taxonomy":"category","embeddable":true,"href":"https:\/\/madeiraisland.news\/index.php?rest_route=%2Fwp%2Fv2%2Fcategories&post=1208454"},{"taxonomy":"post_tag","embeddable":true,"href":"https:\/\/madeiraisland.news\/index.php?rest_route=%2Fwp%2Fv2%2Ftags&post=1208454"}],"curies":[{"name":"wp","href":"https:\/\/api.w.org\/{rel}","templated":true}]}}