{"id":1208452,"date":"2026-09-02T14:54:12","date_gmt":"2026-09-02T14:54:12","guid":{"rendered":"https:\/\/madeiraisland.news\/?p=1208452"},"modified":"2026-09-02T15:00:04","modified_gmt":"2026-09-02T15:00:04","slug":"continente-promove-cinema-na-madeira-com-o-diabo-veste-prada-2","status":"publish","type":"post","link":"https:\/\/madeiraisland.news\/?p=1208452","title":{"rendered":"Continente promove cinema na Madeira com \u201cO Diabo Veste Prada 2\u201d"},"content":{"rendered":"<p>\u00c9 j\u00e1 no pr\u00f3ximo dia 9 de Setembro que o Ver\u00e3o Continente vai marcar presen\u00e7a no Funchal. O Cinema na Pra\u00e7a vai transmitir o filme \u2018O Diabo Veste Prada 2\u2019,\u00a0protagonizado por Meryl Streep e Anne Hathaway, que tem vindo a conquistar espectadores por todo o mundo. Com entrada livre e oferta de pipocas, a quarta [\u2026]<\/p>\n","protected":false},"excerpt":{"rendered":"<p>\u00c9 j\u00e1 no pr\u00f3ximo dia 9 de Setembro que o Ver\u00e3o Continente vai marcar presen\u00e7a no Funchal. O Cinema na &#8230; <\/p>\n<p class=\"read-more-container\"><a title=\"Continente promove cinema na Madeira com \u201cO Diabo Veste Prada 2\u201d\" class=\"read-more button\" href=\"https:\/\/madeiraisland.news\/?p=1208452#more-1208452\" aria-label=\"Read more about Continente promove cinema na Madeira com \u201cO Diabo Veste Prada 2\u201d\">Read more<\/a><\/p>\n","protected":false},"author":258,"featured_media":0,"comment_status":"open","ping_status":"","sticky":false,"template":"","format":"standard","meta":{"footnotes":""},"categories":[19],"tags":[],"class_list":["post-1208452","post","type-post","status-publish","format-standard","hentry","category-madeira-island-news","infinite-scroll-item","masonry-post","generate-columns","tablet-grid-50","mobile-grid-100","grid-parent","grid-33"],"_links":{"self":[{"href":"https:\/\/madeiraisland.news\/index.php?rest_route=\/wp\/v2\/posts\/1208452","targetHints":{"allow":["GET"]}}],"collection":[{"href":"https:\/\/madeiraisland.news\/index.php?rest_route=\/wp\/v2\/posts"}],"about":[{"href":"https:\/\/madeiraisland.news\/index.php?rest_route=\/wp\/v2\/types\/post"}],"author":[{"embeddable":true,"href":"https:\/\/madeiraisland.news\/index.php?rest_route=\/wp\/v2\/users\/258"}],"replies":[{"embeddable":true,"href":"https:\/\/madeiraisland.news\/index.php?rest_route=%2Fwp%2Fv2%2Fcomments&post=1208452"}],"version-history":[{"count":1,"href":"https:\/\/madeiraisland.news\/index.php?rest_route=\/wp\/v2\/posts\/1208452\/revisions"}],"predecessor-version":[{"id":1208453,"href":"https:\/\/madeiraisland.news\/index.php?rest_route=\/wp\/v2\/posts\/1208452\/revisions\/1208453"}],"wp:attachment":[{"href":"https:\/\/madeiraisland.news\/index.php?rest_route=%2Fwp%2Fv2%2Fmedia&parent=1208452"}],"wp:term":[{"taxonomy":"category","embeddable":true,"href":"https:\/\/madeiraisland.news\/index.php?rest_route=%2Fwp%2Fv2%2Fcategories&post=1208452"},{"taxonomy":"post_tag","embeddable":true,"href":"https:\/\/madeiraisland.news\/index.php?rest_route=%2Fwp%2Fv2%2Ftags&post=1208452"}],"curies":[{"name":"wp","href":"https:\/\/api.w.org\/{rel}","templated":true}]}}